{"id":7279,"date":"2014-05-18T14:50:04","date_gmt":"2014-05-18T14:50:04","guid":{"rendered":"http:\/\/fram.is\/?p=7279"},"modified":"2014-05-18T14:50:04","modified_gmt":"2014-05-18T14:50:04","slug":"flottir-framarar-lokahofi-hsi-gaerkvoldi","status":"publish","type":"post","link":"https:\/\/fram.is\/is\/2014\/05\/18\/flottir-framarar-lokahofi-hsi-gaerkvoldi\/","title":{"rendered":"Flottir FRAMarar \u00e1 lokah\u00f3fi HS\u00cd \u00ed g\u00e6rkv\u00f6ldi"},"content":{"rendered":"<p>Vi\u00f0 FRAMarar vorum fj\u00f6lmennir og flottir \u00e1 lokah\u00f3fi HS\u00cd sem haldi\u00f0 var \u00ed Gullh\u00f6mrum \u00ed g\u00e6r.<\/p>\n<p>FRAMarar voru tilnefndir til fj\u00f6lda ver\u00f0launa og t\u00f3kst okkur a\u00f0 hreppa nokkur ver\u00f0laun og getum vi\u00f0 FRAMarar ver\u00f0i s\u00e1ttir vi\u00f0 frammist\u00f6\u00f0u okkar karla og kvenna li\u00f0a \u00ed vetur. FRAMt\u00ed\u00f0in er bj\u00f6rt \u00ed Safam\u00fdrinni<\/p>\n<p><a href=\"http:\/\/fram.is\/wp-content\/uploads\/2014\/05\/Stef\u00e1n-og-GB\u00d3.jpg\"><img fetchpriority=\"high\" decoding=\"async\" class=\"alignright size-medium wp-image-7284\" alt=\"Stef\u00e1n og GB\u00d3\" src=\"http:\/\/fram.is\/wp-content\/uploads\/2014\/05\/Stef\u00e1n-og-GB\u00d3-300x260.jpg\" width=\"300\" height=\"260\" \/><\/a>Stef\u00e1n Darri \u00de\u00f3rsson var valinn efnilegast leikma\u00f0ur<br \/>\nOl\u00eds deildarinnar 201 4<br \/>\nTil hamingju Stef\u00e1n Darri<\/p>\n<p>&nbsp;<\/p>\n<p>&nbsp;<\/p>\n<p>&nbsp;<\/p>\n<p>&nbsp;<\/p>\n<p>&nbsp;<\/p>\n<p>&nbsp;<\/p>\n<p>&nbsp;<\/p>\n<p><a href=\"http:\/\/fram.is\/wp-content\/uploads\/2014\/05\/Stephen.jpg\"><img decoding=\"async\" class=\"alignright size-medium wp-image-7282\" alt=\"Stephen\" src=\"http:\/\/fram.is\/wp-content\/uploads\/2014\/05\/Stephen-300x260.jpg\" width=\"300\" height=\"260\" \/><\/a>Stephen Nilsen markv\u00f6r\u00f0ur FRAM var valinn besti markv\u00f6r\u00f0ur Ol\u00eds deilarinnar 2014.<br \/>\nTil hamingju Stephen<\/p>\n<p>&nbsp;<\/p>\n<p>&nbsp;<\/p>\n<p>&nbsp;<\/p>\n<p>&nbsp;<\/p>\n<p>&nbsp;<\/p>\n<p>&nbsp;<\/p>\n<p><a href=\"http:\/\/fram.is\/wp-content\/uploads\/2014\/05\/J\u00f3nas-bestur.jpg\"><img decoding=\"async\" class=\"alignright size-medium wp-image-7283\" alt=\"J\u00f3nas bestur\" src=\"http:\/\/fram.is\/wp-content\/uploads\/2014\/05\/J\u00f3nas-bestur-300x260.jpg\" width=\"300\" height=\"260\" \/><\/a>J\u00f3nas El\u00edasson var valinn besti d\u00f3mari \u00e1rsins en hann d\u00e6mir me\u00f0 Antoni Gylfa P\u00e1lssyni.<br \/>\nTil hamingju J\u00f3nas og Anton<\/p>\n<p>&nbsp;<\/p>\n<p>&nbsp;<\/p>\n<p>&nbsp;<\/p>\n<p>&nbsp;<\/p>\n<p>&nbsp;<\/p>\n<p>&nbsp;<\/p>\n<p><a href=\"http:\/\/fram.is\/wp-content\/uploads\/2014\/05\/Halli-Markak\u00f3ngur.jpg\"><img loading=\"lazy\" decoding=\"async\" class=\"alignright size-medium wp-image-7280\" alt=\"Halli Markak\u00f3ngur\" src=\"http:\/\/fram.is\/wp-content\/uploads\/2014\/05\/Halli-Markak\u00f3ngur-300x260.jpg\" width=\"300\" height=\"260\" \/><\/a>Haraldur \u00deorvar\u00f0arson yfir\u00fej\u00e1lfari FRAM og n\u00fd r\u00e1\u00f0inn \u00a0a\u00f0sto\u00f0ar\u00fej\u00e1lfari mfl. ka. var\u00f0 markak\u00f3ngur 1. deildar karla \u00ed vetur ger\u00f0i ein 140 m\u00f6rk \u00ed deildinn ekki \u00f3n\u00fdtt a\u00f0 eiga hann \u00e1 bekknum n\u00e6sta vetur ???<br \/>\nTil hamingju Haraldur<\/p>\n<p>&nbsp;<\/p>\n<p>&nbsp;<\/p>\n<p>&nbsp;<\/p>\n<p>&nbsp;<\/p>\n<p>&nbsp;<\/p>\n<p><a href=\"http:\/\/fram.is\/wp-content\/uploads\/2014\/02\/gulli.jpg\"><img loading=\"lazy\" decoding=\"async\" class=\"alignright size-medium wp-image-5841\" alt=\"gulli\" src=\"http:\/\/fram.is\/wp-content\/uploads\/2014\/02\/gulli-300x300.jpg\" width=\"300\" height=\"300\" \/><\/a>S\u00ed\u00f0an fengum vi\u00f0 margar tilnefningar til ver\u00f0launa og \u00feau helstu voru:<br \/>\nSteinunn Bj\u00f6rnsd\u00f3ttir \u00a0tilnefnd sem besti varnarma\u00f0ur<br \/>\nRagnhei\u00f0ur J\u00fal\u00edusd\u00f3ttir tilnefnd sem efnilegast leikma\u00f0ur kvenna<br \/>\nSveinn \u00deorgeirsson tilnefndur sem besti varnarma\u00f0ur<br \/>\nGu\u00f0laugur Arnarsson tilnendur sem besti \u00fej\u00e1lfarinn<\/p>\n<p>Sannarlega gl\u00e6silegir leikmenn og \u00fej\u00e1lfarar sem vi\u00f0 FRAMarar eigum innan okkar ra\u00f0a.<\/p>\n<p>Til Hamingju FRAMarar<\/p>\n<p>&nbsp;<\/p>","protected":false},"excerpt":{"rendered":"<p>Vi\u00f0 FRAMarar vorum fj\u00f6lmennir og flottir \u00e1 lokah\u00f3fi HS\u00cd sem haldi\u00f0 var \u00ed Gullh\u00f6mrum \u00ed g\u00e6r. FRAMarar voru tilnefndir til fj\u00f6lda ver\u00f0launa og t\u00f3kst okkur a\u00f0 hreppa nokkur ver\u00f0laun og [&hellip;]<\/p>","protected":false},"author":4,"featured_media":7281,"comment_status":"open","ping_status":"open","sticky":false,"template":"","format":"standard","meta":{"_monsterinsights_skip_tracking":false,"_monsterinsights_sitenote_active":false,"_monsterinsights_sitenote_note":"","_monsterinsights_sitenote_category":0,"_jetpack_memberships_contains_paid_content":false,"footnotes":""},"categories":[6,15,19],"tags":[],"class_list":["post-7279","post","type-post","status-publish","format-standard","has-post-thumbnail","hentry","category-handbolti","category-mfl-kvenna","category-mfl-karla"],"jetpack_sharing_enabled":true,"jetpack_featured_media_url":"https:\/\/fram.is\/wp-content\/uploads\/2014\/05\/Vefur-stef\u00e1n-og-GB\u00d3-scaled.jpg","_links":{"self":[{"href":"https:\/\/fram.is\/is\/wp-json\/wp\/v2\/posts\/7279","targetHints":{"allow":["GET"]}}],"collection":[{"href":"https:\/\/fram.is\/is\/wp-json\/wp\/v2\/posts"}],"about":[{"href":"https:\/\/fram.is\/is\/wp-json\/wp\/v2\/types\/post"}],"author":[{"embeddable":true,"href":"https:\/\/fram.is\/is\/wp-json\/wp\/v2\/users\/4"}],"replies":[{"embeddable":true,"href":"https:\/\/fram.is\/is\/wp-json\/wp\/v2\/comments?post=7279"}],"version-history":[{"count":0,"href":"https:\/\/fram.is\/is\/wp-json\/wp\/v2\/posts\/7279\/revisions"}],"wp:featuredmedia":[{"embeddable":true,"href":"https:\/\/fram.is\/is\/wp-json\/wp\/v2\/media\/7281"}],"wp:attachment":[{"href":"https:\/\/fram.is\/is\/wp-json\/wp\/v2\/media?parent=7279"}],"wp:term":[{"taxonomy":"category","embeddable":true,"href":"https:\/\/fram.is\/is\/wp-json\/wp\/v2\/categories?post=7279"},{"taxonomy":"post_tag","embeddable":true,"href":"https:\/\/fram.is\/is\/wp-json\/wp\/v2\/tags?post=7279"}],"curies":[{"name":"wp","href":"https:\/\/api.w.org\/{rel}","templated":true}]}}