{"id":7295,"date":"2014-05-18T16:55:36","date_gmt":"2014-05-18T16:55:36","guid":{"rendered":"http:\/\/fram.is\/?p=7295"},"modified":"2014-05-18T16:55:36","modified_gmt":"2014-05-18T16:55:36","slug":"sigur-fyrsta-leik-islandsmotisins-hja-fram-stelpum","status":"publish","type":"post","link":"https:\/\/fram.is\/is\/2014\/05\/18\/sigur-fyrsta-leik-islandsmotisins-hja-fram-stelpum\/","title":{"rendered":"Sigur \u00ed fyrsta leik \u00cdslandsm\u00f3tisins hj\u00e1 FRAM stelpum"},"content":{"rendered":"<p><a href=\"http:\/\/fram.is\/wp-content\/uploads\/2014\/02\/\u00cdris-Bj\u00f6rk-R\u00f3bertsd\u00f3ttir.jpg\"><img fetchpriority=\"high\" decoding=\"async\" class=\"alignright size-medium wp-image-6207\" alt=\"\u00cdris Bj\u00f6rk R\u00f3bertsd\u00f3ttir\" src=\"http:\/\/fram.is\/wp-content\/uploads\/2014\/02\/\u00cdris-Bj\u00f6rk-R\u00f3bertsd\u00f3ttir-265x300.jpg\" width=\"265\" height=\"300\" \/><\/a>Stelpurnar okkar \u00ed mfl.kvenna l\u00e9ku \u00ed dag sinn fyrsta leik \u00e1 \u00cdslandsm\u00f3tinu \u00ed f\u00f3tbolta.\u00a0 Leiki\u00f0 var \u00e1 heimavelli okkar FRAMarar \u00ed \u00dalfars\u00e1rdal.<br \/>\nLeikurinn \u00ed dag var bar\u00e1tta fr\u00e1 upphafi til enda og lengi leit \u00fat fyrir a\u00f0 li\u00f0in yr\u00f0u a\u00f0 s\u00e6ttast \u00e1 skiptan hlut en \u00fea\u00f0 var alveg \u00ed bl\u00e1lokinn a\u00f0 stelpurnar okkar n\u00e1\u00f0u a\u00f0 setja mark og sigur \u00ed fyrsta leik sta\u00f0reynd.\u00a0 Sigurinn sannkalla\u00f0ur bar\u00e1ttu sigur og 3 stig kominn \u00ed h\u00fas.\u00a0 \u00dea\u00f0 var \u00cdris Bj\u00f6rk R\u00f3bertsd\u00f3ttir sem ger\u00f0i mark FRAM \u00e1 90 m\u00edn leiksins \u00feannig a\u00f0 \u00fea\u00f0 m\u00e1tti ekki koma miki\u00f0 seinna.\u00a0\u00a0 Gl\u00e6silegt stelpur, n\u00e6sti leikur stelpnanna er svo \u00e1 mi\u00f0vikudag \u00ed \u00dalfars\u00e1rdalnum kl. 20:00 gegn Fjar\u00f0abygg\u00f0.<br \/>\nL\u00e1ttu sj\u00e1 \u00feig.<\/p>\n<p>\u00c1FRAM FRAM<\/p>","protected":false},"excerpt":{"rendered":"<p>Stelpurnar okkar \u00ed mfl.kvenna l\u00e9ku \u00ed dag sinn fyrsta leik \u00e1 \u00cdslandsm\u00f3tinu \u00ed f\u00f3tbolta.\u00a0 Leiki\u00f0 var \u00e1 heimavelli okkar FRAMarar \u00ed \u00dalfars\u00e1rdal. Leikurinn \u00ed dag var bar\u00e1tta fr\u00e1 upphafi til [&hellip;]<\/p>","protected":false},"author":4,"featured_media":6679,"comment_status":"open","ping_status":"open","sticky":false,"template":"","format":"standard","meta":{"_monsterinsights_skip_tracking":false,"_monsterinsights_sitenote_active":false,"_monsterinsights_sitenote_note":"","_monsterinsights_sitenote_category":0,"_jetpack_memberships_contains_paid_content":false,"footnotes":""},"categories":[12,9],"tags":[],"class_list":["post-7295","post","type-post","status-publish","format-standard","has-post-thumbnail","hentry","category-mflkvenna","category-fotbolti"],"jetpack_sharing_enabled":true,"jetpack_featured_media_url":"https:\/\/fram.is\/wp-content\/uploads\/2014\/03\/Picture-011-scaled.jpg","_links":{"self":[{"href":"https:\/\/fram.is\/is\/wp-json\/wp\/v2\/posts\/7295","targetHints":{"allow":["GET"]}}],"collection":[{"href":"https:\/\/fram.is\/is\/wp-json\/wp\/v2\/posts"}],"about":[{"href":"https:\/\/fram.is\/is\/wp-json\/wp\/v2\/types\/post"}],"author":[{"embeddable":true,"href":"https:\/\/fram.is\/is\/wp-json\/wp\/v2\/users\/4"}],"replies":[{"embeddable":true,"href":"https:\/\/fram.is\/is\/wp-json\/wp\/v2\/comments?post=7295"}],"version-history":[{"count":0,"href":"https:\/\/fram.is\/is\/wp-json\/wp\/v2\/posts\/7295\/revisions"}],"wp:featuredmedia":[{"embeddable":true,"href":"https:\/\/fram.is\/is\/wp-json\/wp\/v2\/media\/6679"}],"wp:attachment":[{"href":"https:\/\/fram.is\/is\/wp-json\/wp\/v2\/media?parent=7295"}],"wp:term":[{"taxonomy":"category","embeddable":true,"href":"https:\/\/fram.is\/is\/wp-json\/wp\/v2\/categories?post=7295"},{"taxonomy":"post_tag","embeddable":true,"href":"https:\/\/fram.is\/is\/wp-json\/wp\/v2\/tags?post=7295"}],"curies":[{"name":"wp","href":"https:\/\/api.w.org\/{rel}","templated":true}]}}