{"id":7306,"date":"2014-05-19T22:16:17","date_gmt":"2014-05-19T22:16:17","guid":{"rendered":"http:\/\/fram.is\/?p=7306"},"modified":"2014-05-19T22:16:17","modified_gmt":"2014-05-19T22:16:17","slug":"tap-ad-hlidarenda-kvold","status":"publish","type":"post","link":"https:\/\/fram.is\/is\/2014\/05\/19\/tap-ad-hlidarenda-kvold\/","title":{"rendered":"Tap a\u00f0 Hl\u00ed\u00f0arenda \u00ed kv\u00f6ld"},"content":{"rendered":"<p><a href=\"http:\/\/fram.is\/wp-content\/uploads\/2014\/01\/\u00d3svald-Jarl-Traustason.jpg\"><img fetchpriority=\"high\" decoding=\"async\" class=\"alignright size-medium wp-image-5572\" alt=\"O\" src=\"http:\/\/fram.is\/wp-content\/uploads\/2014\/01\/\u00d3svald-Jarl-Traustason-300x232.jpg\" width=\"300\" height=\"232\" \/><\/a>\u00dea\u00f0 var s\u00f3l og bl\u00ed\u00f0a \u00e1 Valsvellinum \u00ed kv\u00f6ld, v\u00f6llurinn a\u00f0 taka vi\u00f0 s\u00e9r, er fjarska fagur en \u00e1 nokku\u00f0 \u00ed land a\u00f0 n\u00e1 s\u00ednu besta.\u00a0 \u00deetta er samt allt a\u00f0 koma.<br \/>\nEn leikurinn \u00ed kv\u00f6ld var fj\u00f6rugur og \u00f3h\u00e6tt a\u00f0 setja a\u00f0 fyrr h\u00e1lfleikur hafi veri\u00f0 \u00ed meira lagi fj\u00f6rugur.\u00a0 Valmenn n\u00e1\u00f0u strax forrustu \u00e1 9 m\u00edn en \u00d3svald Jarl opna\u00f0i markareikning sinn \u00ed efstu deild me\u00f0 g\u00f3\u00f0u marki \u00e1 18 m\u00edn 1-1.\u00a0 \u00c1 \u00a030 m\u00edn n\u00e1\u00f0u Hl\u00ed\u00f0arenda piltar aftur forrustu\u00a0 en Hafsteinn Briem jafna\u00f0i leikinn me\u00f0 skondnu marki \u00e1 39 m\u00edn en Valsmenn settu sitt 3 mark \u00e1 42 m\u00edn og sta\u00f0an \u00ed h\u00e1lfleik\u00a0 3-2. \u00dea\u00f0 m\u00e1 segja a\u00f0 \u00e1horfendur hafi fengi\u00f0 vel fyrir aurinn og ekki h\u00e6gt a\u00f0 kvarta yfir \u00fev\u00ed\u00a0 \u00fe\u00f3 vi\u00f0 vildu a\u00f0 m\u00f6rkin v\u00e6ru heldur f\u00e6rri okkar megin.<br \/>\n\u00dea\u00f0 var heldur ekki lognmolla yfir s\u00ed\u00f0ari h\u00e1lfleiknum \u00ed kv\u00f6ld en vi\u00f0 \u00feurfum a\u00f0 fara a\u00f0eins yfir varnarleikinn. \u00dea\u00f0 m\u00e1 segja a\u00f0 Valsmenn hafi kl\u00e1ra\u00f0 leikinn \u00ed kv\u00f6ld me\u00f0 marki \u00e1 64 m\u00edn 4-2 \u00fev\u00ed eftir \u00fea\u00f0 var lj\u00f3st a\u00f0 \u00fea\u00f0 yr\u00f0i erfitt a\u00f0 n\u00e1 \u00ed sigur a\u00f0 Hl\u00ed\u00f0arenda \u00ed kv\u00f6ld.\u00a0 \u00dea\u00f0 f\u00f3r \u00feannig a\u00f0 vi\u00f0 fengum \u00e1 okkur eitt mark \u00ed vi\u00f0b\u00f3t 5-2 en n\u00e1\u00f0um a\u00f0 r\u00e9tta okkar hlut a\u00f0eins me\u00f0 marki fr\u00e1 Hafsteini Briem \u00e1 90 m\u00edn hans anna\u00f0 mark \u00ed leiknum. Lokat\u00f6lur a\u00f0 Hl\u00ed\u00f0arenda 5 -3.<br \/>\n\u00dea\u00f0 er gott a\u00f0 gera 3 m\u00f6rk en ekki \u00e1s\u00e6ttanlegt a\u00f0 f\u00e1 \u00e1 sig 5 stk.\u00a0 Vi\u00f0 h\u00f6fum ekki mikinn t\u00edma til a\u00f0 velta okkur upp \u00far \u00feessum \u00farslitum n\u00e6sti leikur er \u00e1 fimmtudag kl. 19:15 \u00ed Laugardalnum.<br \/>\nSj\u00e1umst \u00fe\u00e1!<\/p>\n<p>\u00c1FRAM FRAM<\/p>","protected":false},"excerpt":{"rendered":"<p>\u00dea\u00f0 var s\u00f3l og bl\u00ed\u00f0a \u00e1 Valsvellinum \u00ed kv\u00f6ld, v\u00f6llurinn a\u00f0 taka vi\u00f0 s\u00e9r, er fjarska fagur en \u00e1 nokku\u00f0 \u00ed land a\u00f0 n\u00e1 s\u00ednu besta.\u00a0 \u00deetta er samt allt [&hellip;]<\/p>","protected":false},"author":4,"featured_media":5522,"comment_status":"open","ping_status":"open","sticky":false,"template":"","format":"standard","meta":{"_monsterinsights_skip_tracking":false,"_monsterinsights_sitenote_active":false,"_monsterinsights_sitenote_note":"","_monsterinsights_sitenote_category":0,"_jetpack_memberships_contains_paid_content":false,"footnotes":""},"categories":[11,9],"tags":[],"class_list":["post-7306","post","type-post","status-publish","format-standard","has-post-thumbnail","hentry","category-mflkarla","category-fotbolti"],"jetpack_sharing_enabled":true,"jetpack_featured_media_url":"https:\/\/fram.is\/wp-content\/uploads\/2014\/01\/Hafsteinn-Briem-vefur-scaled.jpg","_links":{"self":[{"href":"https:\/\/fram.is\/is\/wp-json\/wp\/v2\/posts\/7306","targetHints":{"allow":["GET"]}}],"collection":[{"href":"https:\/\/fram.is\/is\/wp-json\/wp\/v2\/posts"}],"about":[{"href":"https:\/\/fram.is\/is\/wp-json\/wp\/v2\/types\/post"}],"author":[{"embeddable":true,"href":"https:\/\/fram.is\/is\/wp-json\/wp\/v2\/users\/4"}],"replies":[{"embeddable":true,"href":"https:\/\/fram.is\/is\/wp-json\/wp\/v2\/comments?post=7306"}],"version-history":[{"count":0,"href":"https:\/\/fram.is\/is\/wp-json\/wp\/v2\/posts\/7306\/revisions"}],"wp:featuredmedia":[{"embeddable":true,"href":"https:\/\/fram.is\/is\/wp-json\/wp\/v2\/media\/5522"}],"wp:attachment":[{"href":"https:\/\/fram.is\/is\/wp-json\/wp\/v2\/media?parent=7306"}],"wp:term":[{"taxonomy":"category","embeddable":true,"href":"https:\/\/fram.is\/is\/wp-json\/wp\/v2\/categories?post=7306"},{"taxonomy":"post_tag","embeddable":true,"href":"https:\/\/fram.is\/is\/wp-json\/wp\/v2\/tags?post=7306"}],"curies":[{"name":"wp","href":"https:\/\/api.w.org\/{rel}","templated":true}]}}