{"id":7308,"date":"2014-05-20T09:43:03","date_gmt":"2014-05-20T09:43:03","guid":{"rendered":"http:\/\/fram.is\/?p=7308"},"modified":"2014-05-20T09:43:03","modified_gmt":"2014-05-20T09:43:03","slug":"uppskeruhatid-yngri-flokka-fram-handbolta-dag-og-morgun","status":"publish","type":"post","link":"https:\/\/fram.is\/is\/2014\/05\/20\/uppskeruhatid-yngri-flokka-fram-handbolta-dag-og-morgun\/","title":{"rendered":"Uppskeruh\u00e1ti\u00f0 yngri flokka FRAM \u00ed handbolta \u00ed dag og \u00e1 morgun."},"content":{"rendered":"<p><a href=\"http:\/\/fram.is\/wp-content\/uploads\/2014\/05\/Fj\u00f6r-ka.jpg\"><img fetchpriority=\"high\" decoding=\"async\" class=\"alignright size-medium wp-image-7156\" alt=\"Fj\u00f6r ka\" src=\"http:\/\/fram.is\/wp-content\/uploads\/2014\/05\/Fj\u00f6r-ka-300x199.jpg\" width=\"300\" height=\"199\" \/><\/a>Uppskeruh\u00e1t\u00ed\u00f0ir yngri flokka FRAM \u00ed handbolti \u00a0ver\u00f0a haldnar \u00ed vikunni. Eins og s\u00ed\u00f0ustu \u00e1r ver\u00f0ur h\u00fan tv\u00edskipt sem h\u00e9r segir:<\/p>\n<p>\u00deri\u00f0judaginn 20. ma\u00ed kl 17:30 \u00ed Safam\u00fdri fyrir 5.-8. flokk \u00ed Safam\u00fdri og alla \u00ed 2.-4. flokki.<br \/>\nMi\u00f0vikudaginn 21. ma\u00ed kl 17:30 \u00ed Ingunnarsk\u00f3la fyrir 5.-8. flokk \u00ed Grafarholti<\/p>\n<p>H\u00e1t\u00ed\u00f0irnar ver\u00f0a me\u00f0 \u00f6rl\u00edti\u00f0 breyttu sni\u00f0i\u00a0\u00ed\u00a0\u00e1r. Ekki ver\u00f0a veitt ver\u00f0laun fyrir besta og efnilegasta leikmann heldur\u00a0f\u00e1 allir vi\u00f0urkenningu. Er \u00feetta \u00ed takt vi\u00f0 \u00e1herslur\u00a0innan \u00ed\u00fer\u00f3ttahreyfingarinnar\u00a0\u00fear sem l\u00f6g\u00f0 er \u00e1hersla \u00e1 a\u00f0 allir nj\u00f3ti s\u00edn.<\/p>\n<p>Vi\u00f0 viljum taka \u00fe\u00e1tt \u00ed \u00feessari \u00fer\u00f3un og li\u00f0ur \u00ed \u00fev\u00ed er a\u00f0 h\u00e1t\u00ed\u00f0in ver\u00f0i me\u00f0 \u00feessu sni\u00f0i.\u00a0\u00dej\u00e1lfarar hvers flokks munu \u00fev\u00ed st\u00edga \u00e1 stokk og flytja stuttan pistil sem \u00feeir hafa undirb\u00fai\u00f0, kalla krakkana til s\u00edn og veita \u00f6llum vi\u00f0urkenningu.<\/p>\n<p>\u00d6llum ve\u00f0rur bo\u00f0i\u00f0 upp \u00e1 FRAM-k\u00f6ku, \u00a0pylsur og drykki eftir a\u00f0 hafa teki\u00f0 \u00e1 m\u00f3ti vi\u00f0urkenningarskjali.<\/p>\n<p>Vonumst til a\u00f0 sj\u00e1 sem flesta.<\/p>\n<p>Unglingar\u00e1\u00f0 FRAM.<\/p>\n<p><strong>Handbolti er skemmtilegur<\/strong><\/p>\n<p>&nbsp;<\/p>","protected":false},"excerpt":{"rendered":"<p>Uppskeruh\u00e1t\u00ed\u00f0ir yngri flokka FRAM \u00ed handbolti \u00a0ver\u00f0a haldnar \u00ed vikunni. Eins og s\u00ed\u00f0ustu \u00e1r ver\u00f0ur h\u00fan tv\u00edskipt sem h\u00e9r segir: \u00deri\u00f0judaginn 20. ma\u00ed kl 17:30 \u00ed Safam\u00fdri fyrir 5.-8. flokk [&hellip;]<\/p>","protected":false},"author":4,"featured_media":7155,"comment_status":"open","ping_status":"open","sticky":false,"template":"","format":"standard","meta":{"_monsterinsights_skip_tracking":false,"_monsterinsights_sitenote_active":false,"_monsterinsights_sitenote_note":"","_monsterinsights_sitenote_category":0,"_jetpack_memberships_contains_paid_content":false,"footnotes":""},"categories":[7,6],"tags":[],"class_list":["post-7308","post","type-post","status-publish","format-standard","has-post-thumbnail","hentry","category-yngri-flokkar","category-handbolti"],"jetpack_sharing_enabled":true,"jetpack_featured_media_url":"https:\/\/fram.is\/wp-content\/uploads\/2014\/05\/Li\u00f0i\u00f0-ka.jpg","_links":{"self":[{"href":"https:\/\/fram.is\/is\/wp-json\/wp\/v2\/posts\/7308","targetHints":{"allow":["GET"]}}],"collection":[{"href":"https:\/\/fram.is\/is\/wp-json\/wp\/v2\/posts"}],"about":[{"href":"https:\/\/fram.is\/is\/wp-json\/wp\/v2\/types\/post"}],"author":[{"embeddable":true,"href":"https:\/\/fram.is\/is\/wp-json\/wp\/v2\/users\/4"}],"replies":[{"embeddable":true,"href":"https:\/\/fram.is\/is\/wp-json\/wp\/v2\/comments?post=7308"}],"version-history":[{"count":0,"href":"https:\/\/fram.is\/is\/wp-json\/wp\/v2\/posts\/7308\/revisions"}],"wp:featuredmedia":[{"embeddable":true,"href":"https:\/\/fram.is\/is\/wp-json\/wp\/v2\/media\/7155"}],"wp:attachment":[{"href":"https:\/\/fram.is\/is\/wp-json\/wp\/v2\/media?parent=7308"}],"wp:term":[{"taxonomy":"category","embeddable":true,"href":"https:\/\/fram.is\/is\/wp-json\/wp\/v2\/categories?post=7308"},{"taxonomy":"post_tag","embeddable":true,"href":"https:\/\/fram.is\/is\/wp-json\/wp\/v2\/tags?post=7308"}],"curies":[{"name":"wp","href":"https:\/\/api.w.org\/{rel}","templated":true}]}}