{"id":7388,"date":"2014-05-22T22:23:55","date_gmt":"2014-05-22T22:23:55","guid":{"rendered":"http:\/\/fram.is\/?p=7388"},"modified":"2014-05-22T22:23:55","modified_gmt":"2014-05-22T22:23:55","slug":"jafntefli-gegn-blikum","status":"publish","type":"post","link":"https:\/\/fram.is\/is\/2014\/05\/22\/jafntefli-gegn-blikum\/","title":{"rendered":"Jafntefli gegn Blikum"},"content":{"rendered":"<p><a href=\"http:\/\/fram.is\/wp-content\/uploads\/2014\/05\/Hafsteinn-fagnar.jpg\"><img fetchpriority=\"high\" decoding=\"async\" class=\"alignright size-medium wp-image-7390\" alt=\"Hafsteinn fagnar\" src=\"http:\/\/fram.is\/wp-content\/uploads\/2014\/05\/Hafsteinn-fagnar-300x260.jpg\" width=\"300\" height=\"260\" \/><\/a>Vi\u00f0 FRAMarar t\u00f3kum \u00ed kv\u00f6ld \u00e1 m\u00f3ti Blikum \u00e1 \u00cdslandsm\u00f3tinu \u00ed f\u00f3tbolta.<br \/>\n\u00dea\u00f0 ver\u00f0ur a\u00f0 segjast eins og er a\u00f0 vi\u00f0 getum \u00feakka\u00f0 markver\u00f0i okkar \u00d6gmundi Kristinssyni<br \/>\nfyrir a\u00f0 fara me\u00f0 stig \u00far leiknum.<br \/>\nFyrri h\u00e1lfleikur var ekki s\u00e9rlega g\u00f3\u00f0ur vi\u00f0 eltum allan h\u00e1lfleikinn og voru ferkar heppnir a\u00f0<br \/>\nvera ekki undir \u00feegar flauta\u00f0 var til h\u00e1lfleiks. \u00d6gmundur var\u00f0i nokkrum sinnum mj\u00f6g vel og s\u00e1 til<br \/>\n\u00feess a\u00f0 sta\u00f0an \u00ed h\u00e1lfleik var 0-0.<br \/>\nVi\u00f0 m\u00e6ttum hressari til s\u00ed\u00f0ari h\u00e1lfleiks og \u00e1ttum nokkrar \u00a0tilraunir til a\u00f0 setja mark, en \u00fea\u00f0\u00a0var svo \u00e1 76 m\u00edn a\u00f0 Hafsteinn Briem \u00feruma\u00f0i boltanum \u00ed neti\u00f0 hj\u00e1 Blikum eftir skot fr\u00e1 Aroni Bjarna.\u00a0\u00c1g\u00e6tt mark. \u00dea\u00f0 sem eftir lif\u00f0i leiks ger\u00f0ist ekki miki\u00f0 \u00d3si \u00e1tti \u00e1g\u00e6ta skot tilraun en annars ekki miki\u00f0<br \/>\na\u00f0 gerast. \u00dea\u00f0 var svo \u00e1 loka m\u00edn leiksins sem Blikar n\u00e1\u00f0u a\u00f0 jafna \u00far v\u00edtaspyrnu sem d\u00e6md var \u00e1 J\u00f3a Kalla fyrir<br \/>\na\u00f0 setja hendina \u00ed boltann. Klaufalegt a\u00f0 m\u00e9r fannst. Lokat\u00f6lur \u00ed kv\u00f6ld 1-1 og \u00e9g held a\u00f0 vi\u00f0 ver\u00f0um a\u00f0 vera s\u00e1ttir<br \/>\nvi\u00f0 \u00fe\u00e1 ni\u00f0urst\u00f6\u00f0u.<\/p>\n<p>\u00c1FRAM FRAM<\/p>","protected":false},"excerpt":{"rendered":"<p>Vi\u00f0 FRAMarar t\u00f3kum \u00ed kv\u00f6ld \u00e1 m\u00f3ti Blikum \u00e1 \u00cdslandsm\u00f3tinu \u00ed f\u00f3tbolta. \u00dea\u00f0 ver\u00f0ur a\u00f0 segjast eins og er a\u00f0 vi\u00f0 getum \u00feakka\u00f0 markver\u00f0i okkar \u00d6gmundi Kristinssyni fyrir a\u00f0 fara [&hellip;]<\/p>","protected":false},"author":4,"featured_media":7392,"comment_status":"open","ping_status":"open","sticky":false,"template":"","format":"standard","meta":{"_monsterinsights_skip_tracking":false,"_monsterinsights_sitenote_active":false,"_monsterinsights_sitenote_note":"","_monsterinsights_sitenote_category":0,"_jetpack_memberships_contains_paid_content":false,"footnotes":""},"categories":[11,9],"tags":[],"class_list":["post-7388","post","type-post","status-publish","format-standard","has-post-thumbnail","hentry","category-mflkarla","category-fotbolti"],"jetpack_sharing_enabled":true,"jetpack_featured_media_url":"https:\/\/fram.is\/wp-content\/uploads\/2014\/05\/gumndur-v\u00edti-scaled.jpg","_links":{"self":[{"href":"https:\/\/fram.is\/is\/wp-json\/wp\/v2\/posts\/7388","targetHints":{"allow":["GET"]}}],"collection":[{"href":"https:\/\/fram.is\/is\/wp-json\/wp\/v2\/posts"}],"about":[{"href":"https:\/\/fram.is\/is\/wp-json\/wp\/v2\/types\/post"}],"author":[{"embeddable":true,"href":"https:\/\/fram.is\/is\/wp-json\/wp\/v2\/users\/4"}],"replies":[{"embeddable":true,"href":"https:\/\/fram.is\/is\/wp-json\/wp\/v2\/comments?post=7388"}],"version-history":[{"count":0,"href":"https:\/\/fram.is\/is\/wp-json\/wp\/v2\/posts\/7388\/revisions"}],"wp:featuredmedia":[{"embeddable":true,"href":"https:\/\/fram.is\/is\/wp-json\/wp\/v2\/media\/7392"}],"wp:attachment":[{"href":"https:\/\/fram.is\/is\/wp-json\/wp\/v2\/media?parent=7388"}],"wp:term":[{"taxonomy":"category","embeddable":true,"href":"https:\/\/fram.is\/is\/wp-json\/wp\/v2\/categories?post=7388"},{"taxonomy":"post_tag","embeddable":true,"href":"https:\/\/fram.is\/is\/wp-json\/wp\/v2\/tags?post=7388"}],"curies":[{"name":"wp","href":"https:\/\/api.w.org\/{rel}","templated":true}]}}