{"id":7427,"date":"2014-05-24T00:51:47","date_gmt":"2014-05-24T00:51:47","guid":{"rendered":"http:\/\/fram.is\/?p=7427"},"modified":"2014-05-24T00:51:47","modified_gmt":"2014-05-24T00:51:47","slug":"uppskeruhatid-handknattleiksdeildar-fram-2014","status":"publish","type":"post","link":"https:\/\/fram.is\/is\/2014\/05\/24\/uppskeruhatid-handknattleiksdeildar-fram-2014\/","title":{"rendered":"Uppskeruh\u00e1ti\u00f0 Handknattleiksdeildar FRAM 2014"},"content":{"rendered":"<p>\u00cd kv\u00f6ld f\u00f3r fram uppskeruh\u00e1ti\u00f0 Handknattleiksdeildar FRAM. Eins og venjulega var fj\u00f6r og fj\u00f6lmenni.<br \/>\n<a href=\"http:\/\/fram.is\/wp-content\/uploads\/2014\/05\/Siggi-Veislustjori.jpg\"><img fetchpriority=\"high\" decoding=\"async\" class=\"alignright size-medium wp-image-7422\" alt=\"Siggi Veislustjori\" src=\"http:\/\/fram.is\/wp-content\/uploads\/2014\/05\/Siggi-Veislustjori-300x181.jpg\" width=\"300\" height=\"181\" \/><\/a>Sigur\u00f0ur Eggertsson fyrrum leikma\u00f0ur FRAM var veislustj\u00f3ri kv\u00f6ldsins og f\u00f3r algj\u00f6rleg \u00e1 kostum.<br \/>\n<a href=\"http:\/\/fram.is\/wp-content\/uploads\/2014\/05\/St\u00edna-og-strakarnir.jpg\"><img decoding=\"async\" class=\"alignright size-medium wp-image-7425\" alt=\"St\u00edna og strakarnir\" src=\"http:\/\/fram.is\/wp-content\/uploads\/2014\/05\/St\u00edna-og-strakarnir-300x181.jpg\" width=\"300\" height=\"181\" \/><\/a>Siggi Tomm og St\u00edna s\u00e1u um matinn a\u00f0 vanda en \u00fe\u00f3 vanta\u00f0i Gumma okkkar Kolbeins sem er \u00ed<br \/>\ns\u00f3linni. \u00a0Veitt voru ver\u00f0laun fyrir \u00e1fanga leiki, efnilegustu leikmenn og au\u00f0vita\u00f0 bestu leikmenn.<br \/>\n<a href=\"http:\/\/fram.is\/wp-content\/uploads\/2014\/05\/Merkisleikir.jpg\"><img decoding=\"async\" class=\"alignright size-medium wp-image-7420\" alt=\"Merkisleikir\" src=\"http:\/\/fram.is\/wp-content\/uploads\/2014\/05\/Merkisleikir-300x181.jpg\" width=\"300\" height=\"181\" \/><\/a>Hafd\u00eds Iura f\u00e9kk ver\u00f0laun f. 100 leiki<br \/>\nMar\u00eda \u00a0Karlsd\u00f3ttir f\u00e9kk \u00a0ver\u00f0laun f. 100 leiki<br \/>\nMarthe S\u00f6rdal f. 300 leiki<br \/>\nSigurbj\u00f6rg J\u00f3hannd\u00f3ttir f. 300 leiki.<\/p>\n<p><a href=\"http:\/\/fram.is\/wp-content\/uploads\/2014\/05\/Ragnheidur-og-stefan-darri.jpg\"><img loading=\"lazy\" decoding=\"async\" class=\"alignright size-medium wp-image-7421\" alt=\"Ragnheidur og stefan darri\" src=\"http:\/\/fram.is\/wp-content\/uploads\/2014\/05\/Ragnheidur-og-stefan-darri-300x181.jpg\" width=\"300\" height=\"181\" \/><\/a>Efnilegasti leikma\u00f0ur FRAM \u00ed mfl. kvenna var valinn Ragnhei\u00f0ur J\u00fal\u00edusd\u00f3ttir<br \/>\nEfnilegasti leikma\u00f0ur FRAM \u00ed mfl. karla var valinn Stef\u00e1n Darri \u00de\u00f3rsson<\/p>\n<p><a href=\"http:\/\/fram.is\/wp-content\/uploads\/2014\/05\/Steffen-bestur.jpg\"><img loading=\"lazy\" decoding=\"async\" class=\"alignright size-medium wp-image-7423\" alt=\"Steffen bestur\" src=\"http:\/\/fram.is\/wp-content\/uploads\/2014\/05\/Steffen-bestur-300x181.jpg\" width=\"300\" height=\"181\" \/><\/a>Besti leikma\u00f0ur FRAM \u00ed \u00a0mfl. kvenna var valinn Sigurbj\u00f6rg J\u00f3hannsd\u00f3ttir<br \/>\nBesti leikma\u00f0ur FRAM \u00ed mfl. karla var valinn \u00a0Stephen\u00a0Nielsen<\/p>\n<p><a href=\"http:\/\/fram.is\/wp-content\/uploads\/2014\/05\/Bestir-og-efnilegir.jpg\"><img loading=\"lazy\" decoding=\"async\" class=\"alignright size-medium wp-image-7416\" alt=\"Bestir og efnilegir\" src=\"http:\/\/fram.is\/wp-content\/uploads\/2014\/05\/Bestir-og-efnilegir-300x181.jpg\" width=\"300\" height=\"181\" \/><\/a>S\u00fa skemmtilega n\u00fdbreytini var tekinn upp a\u00f0 salurinn valdi besta leikmann karla og kvenna.<br \/>\n\u00de.e \u00a0a\u00f0 \u00fej\u00e1lfara v\u00f6ldu ekki bestu leikmenn f\u00e9lagisins heldur allir \u00feeir sem komu a\u00f0 starfinu \u00ed vetur.<br \/>\nFlott framtak sem t\u00f3kst vel , Sigurbj\u00f6rg og Stephen til hamingju !<\/p>\n<p>Til hamingju FRAMarar<\/p>\n<p>\u00c1FRAM FRAM<br \/>\n<a href=\"http:\/\/fram.is\/wp-content\/uploads\/2014\/05\/steffen-og-darri.jpg\"><img loading=\"lazy\" decoding=\"async\" class=\"alignright size-medium wp-image-7424\" alt=\"steffen og darri\" src=\"http:\/\/fram.is\/wp-content\/uploads\/2014\/05\/steffen-og-darri-300x181.jpg\" width=\"300\" height=\"181\" \/><\/a><a href=\"http:\/\/fram.is\/wp-content\/uploads\/2014\/05\/\u00dejalfarar.jpg\"><img loading=\"lazy\" decoding=\"async\" class=\"alignright size-medium wp-image-7418\" alt=\"\u00dejalfarar\" src=\"http:\/\/fram.is\/wp-content\/uploads\/2014\/05\/\u00dejalfarar-300x181.jpg\" width=\"300\" height=\"181\" \/><\/a><\/p>","protected":false},"excerpt":{"rendered":"<p>\u00cd kv\u00f6ld f\u00f3r fram uppskeruh\u00e1ti\u00f0 Handknattleiksdeildar FRAM. Eins og venjulega var fj\u00f6r og fj\u00f6lmenni. Sigur\u00f0ur Eggertsson fyrrum leikma\u00f0ur FRAM var veislustj\u00f3ri kv\u00f6ldsins og f\u00f3r algj\u00f6rleg \u00e1 kostum. Siggi Tomm og [&hellip;]<\/p>","protected":false},"author":4,"featured_media":7426,"comment_status":"open","ping_status":"open","sticky":false,"template":"","format":"standard","meta":{"_monsterinsights_skip_tracking":false,"_monsterinsights_sitenote_active":false,"_monsterinsights_sitenote_note":"","_monsterinsights_sitenote_category":0,"_jetpack_memberships_contains_paid_content":false,"footnotes":""},"categories":[6,15,19],"tags":[],"class_list":["post-7427","post","type-post","status-publish","format-standard","has-post-thumbnail","hentry","category-handbolti","category-mfl-kvenna","category-mfl-karla"],"jetpack_sharing_enabled":true,"jetpack_featured_media_url":"https:\/\/fram.is\/wp-content\/uploads\/2014\/05\/Vefur-scaled.jpg","_links":{"self":[{"href":"https:\/\/fram.is\/is\/wp-json\/wp\/v2\/posts\/7427","targetHints":{"allow":["GET"]}}],"collection":[{"href":"https:\/\/fram.is\/is\/wp-json\/wp\/v2\/posts"}],"about":[{"href":"https:\/\/fram.is\/is\/wp-json\/wp\/v2\/types\/post"}],"author":[{"embeddable":true,"href":"https:\/\/fram.is\/is\/wp-json\/wp\/v2\/users\/4"}],"replies":[{"embeddable":true,"href":"https:\/\/fram.is\/is\/wp-json\/wp\/v2\/comments?post=7427"}],"version-history":[{"count":0,"href":"https:\/\/fram.is\/is\/wp-json\/wp\/v2\/posts\/7427\/revisions"}],"wp:featuredmedia":[{"embeddable":true,"href":"https:\/\/fram.is\/is\/wp-json\/wp\/v2\/media\/7426"}],"wp:attachment":[{"href":"https:\/\/fram.is\/is\/wp-json\/wp\/v2\/media?parent=7427"}],"wp:term":[{"taxonomy":"category","embeddable":true,"href":"https:\/\/fram.is\/is\/wp-json\/wp\/v2\/categories?post=7427"},{"taxonomy":"post_tag","embeddable":true,"href":"https:\/\/fram.is\/is\/wp-json\/wp\/v2\/tags?post=7427"}],"curies":[{"name":"wp","href":"https:\/\/api.w.org\/{rel}","templated":true}]}}