{"id":7552,"date":"2014-06-13T08:57:00","date_gmt":"2014-06-13T08:57:00","guid":{"rendered":"http:\/\/fram.is\/?p=7552"},"modified":"2014-06-13T08:57:00","modified_gmt":"2014-06-13T08:57:00","slug":"fram-tapadi-ulfarsardalnum-gaer","status":"publish","type":"post","link":"https:\/\/fram.is\/is\/2014\/06\/13\/fram-tapadi-ulfarsardalnum-gaer\/","title":{"rendered":"FRAM tapa\u00f0i \u00ed \u00dalfars\u00e1rdalnum \u00ed g\u00e6r."},"content":{"rendered":"<p><a href=\"http:\/\/fram.is\/wp-content\/uploads\/2014\/06\/Mfl.kv_.-2014.jpg\"><img fetchpriority=\"high\" decoding=\"async\" class=\"alignright size-medium wp-image-7553\" alt=\"Mfl.kv. 2014\" src=\"http:\/\/fram.is\/wp-content\/uploads\/2014\/06\/Mfl.kv_.-2014-300x199.jpg\" width=\"300\" height=\"199\" \/><\/a>\u00dea\u00f0 var h\u00e1lf kalt \u00ed \u00dalfars\u00e1rdalnum \u00feegar leikurinn var flauta\u00f0ur \u00e1 \u00ed g\u00e6r. \u00a0Annars voru stelpurnar ekkert a\u00f0 hugsa um \u00fea\u00f0, \u00a0voru m\u00e6ttar hressar a\u00f0 vanda til leiks.<br \/>\nFyrri h\u00e1lfleikur var t\u00ed\u00f0inda l\u00edtill vi\u00f0 \u00e1ttum heldur \u00e1 brattan a\u00f0 s\u00e6kja en n\u00e1\u00f0um \u00fe\u00f3 g\u00f3\u00f0um rispum og algj\u00f6rlega inn \u00ed leiknum. Sta\u00f0an \u00ed h\u00e1lfleilk markalaus 0-0.<br \/>\nS\u00ed\u00f0ari h\u00e1lfleikur byrja\u00f0i eins \u00a0og s\u00e1 s\u00ed\u00f0ari enda\u00f0i, \u00fea\u00f0 var \u00e1 brattan a\u00f0 s\u00e6kja. \u00a0 \u00dea\u00f0 f\u00f3r \u00feannig a\u00f0 lokum a\u00f0 andst\u00e6\u00f0ingarnir \u00a0n\u00e1\u00f0u a\u00f0 brj\u00f3ta hinn margfr\u00e6ga \u00eds og \u00fe\u00e1 m\u00e1 segja a\u00f0 \u00fea\u00f0 hafi fl\u00e6tt a\u00f0eins. \u00a0 \u00der\u00f3ttara stelpur settu \u00e1 okkur \u00a03 m\u00f6rk \u00e1 stuttum t\u00edma, fyrsta marki\u00f0 kom \u00a0\u00e1 60 m\u00edn og \u00fea\u00f0 s\u00ed\u00f0asta \u00e1 85 m\u00edn. \u00a0Lokat\u00f6lur 0-3 og ekkert meira um \u00fea\u00f0 a\u00f0 segja. \u00a0 Stelpurnar \u00a0n\u00e1\u00f0u s\u00e9r ekki \u00e1 strik \u00ed g\u00e6r, l\u00e9ku einfaldlega ekki vel og \u00fev\u00ed var \u00feetta erfi\u00f0ur leikur fyrir okkur.<br \/>\nFramundan eru 2 \u00fatileikir vi\u00f0 KR og Sindra, sj\u00e1umst \u00fe\u00e1.<\/p>\n<p>\u00c1FRAM FRAM<\/p>","protected":false},"excerpt":{"rendered":"<p>\u00dea\u00f0 var h\u00e1lf kalt \u00ed \u00dalfars\u00e1rdalnum \u00feegar leikurinn var flauta\u00f0ur \u00e1 \u00ed g\u00e6r. \u00a0Annars voru stelpurnar ekkert a\u00f0 hugsa um \u00fea\u00f0, \u00a0voru m\u00e6ttar hressar a\u00f0 vanda til leiks. Fyrri h\u00e1lfleikur [&hellip;]<\/p>","protected":false},"author":4,"featured_media":7352,"comment_status":"open","ping_status":"open","sticky":false,"template":"","format":"standard","meta":{"_monsterinsights_skip_tracking":false,"_monsterinsights_sitenote_active":false,"_monsterinsights_sitenote_note":"","_monsterinsights_sitenote_category":0,"_jetpack_memberships_contains_paid_content":false,"footnotes":""},"categories":[12,9],"tags":[],"class_list":["post-7552","post","type-post","status-publish","format-standard","has-post-thumbnail","hentry","category-mflkvenna","category-fotbolti"],"jetpack_sharing_enabled":true,"jetpack_featured_media_url":"https:\/\/fram.is\/wp-content\/uploads\/2014\/05\/IMG_0071-scaled.jpg","_links":{"self":[{"href":"https:\/\/fram.is\/is\/wp-json\/wp\/v2\/posts\/7552","targetHints":{"allow":["GET"]}}],"collection":[{"href":"https:\/\/fram.is\/is\/wp-json\/wp\/v2\/posts"}],"about":[{"href":"https:\/\/fram.is\/is\/wp-json\/wp\/v2\/types\/post"}],"author":[{"embeddable":true,"href":"https:\/\/fram.is\/is\/wp-json\/wp\/v2\/users\/4"}],"replies":[{"embeddable":true,"href":"https:\/\/fram.is\/is\/wp-json\/wp\/v2\/comments?post=7552"}],"version-history":[{"count":0,"href":"https:\/\/fram.is\/is\/wp-json\/wp\/v2\/posts\/7552\/revisions"}],"wp:featuredmedia":[{"embeddable":true,"href":"https:\/\/fram.is\/is\/wp-json\/wp\/v2\/media\/7352"}],"wp:attachment":[{"href":"https:\/\/fram.is\/is\/wp-json\/wp\/v2\/media?parent=7552"}],"wp:term":[{"taxonomy":"category","embeddable":true,"href":"https:\/\/fram.is\/is\/wp-json\/wp\/v2\/categories?post=7552"},{"taxonomy":"post_tag","embeddable":true,"href":"https:\/\/fram.is\/is\/wp-json\/wp\/v2\/tags?post=7552"}],"curies":[{"name":"wp","href":"https:\/\/api.w.org\/{rel}","templated":true}]}}