{"id":7581,"date":"2014-06-15T21:54:22","date_gmt":"2014-06-15T21:54:22","guid":{"rendered":"http:\/\/fram.is\/?p=7581"},"modified":"2014-06-15T21:54:22","modified_gmt":"2014-06-15T21:54:22","slug":"godur-1-4-sigur-fjolni-grafarvogi","status":"publish","type":"post","link":"https:\/\/fram.is\/is\/2014\/06\/15\/godur-1-4-sigur-fjolni-grafarvogi\/","title":{"rendered":"G\u00f3\u00f0ur 1 &#8211; 4 sigur FRAM \u00e1 Fj\u00f6lni \u00ed Grafarvogi"},"content":{"rendered":"<p><a href=\"http:\/\/fram.is\/wp-content\/uploads\/2014\/02\/Tryggvi-Sveinn-Bjarnason.jpg\"><img fetchpriority=\"high\" decoding=\"async\" class=\"alignright size-medium wp-image-6024\" alt=\"O\" src=\"http:\/\/fram.is\/wp-content\/uploads\/2014\/02\/Tryggvi-Sveinn-Bjarnason-300x228.jpg\" width=\"300\" height=\"228\" \/><\/a>\u00dea\u00f0 voru \u00e1g\u00e6tar a\u00f0st\u00e6\u00f0ur sem bo\u00f0i\u00f0 upp\u00e1 \u00ed kv\u00f6ld \u00ed Grafarvoginum, alveg lj\u00f3st a\u00f0 vellirnir eru allir a\u00f0 koma til. Bjarni Gu\u00f0j\u00f3nsson ger\u00f0i \u00a0tv\u00e6r breytingar \u00e1 li\u00f0i FRAM fyrir leikinn \u00ed kv\u00f6ld. Ingiberg \u00d3lafur J\u00f3nsson og Viktor Bjarki Arnarsson l\u00e9ku ekki \u00ed kv\u00f6ld en \u00a0Haukur Baldvinsson og Halld\u00f3r Arnarsson t\u00f3ku \u00feeirra s\u00e6ti \u00ed li\u00f0inu. Ingiberg er \u00ed banni og Viktor meiddur.<br \/>\nLeikurinn \u00ed\u00a0 kv\u00f6ld var lj\u00f3mandi g\u00f3\u00f0ur af h\u00e1lfu okkar FRAMara og snemma lj\u00f3st a\u00f0 vi\u00f0 \u00e6tlu\u00f0um ekki a\u00f0 gefa nein stig \u00ed \u00feessum leik.\u00a0 Fyrri h\u00e1lfleikur var \u00ed raun eign okkar FRAMara en \u00fea\u00f0 var \u00e1 19 m\u00edn sem Tryggvi Bjarnason setti gott mark me\u00f0 g\u00f3\u00f0u skalla, flott mark.\u00a0 \u00c1 28 m\u00edn b\u00e6ttum vi\u00f0 FRAMarar svo vi\u00f0 \u00f6\u00f0ru marki en \u00fear var a\u00f0 verki \u00c1sgeir Marteinsson me\u00f0 skoti af stuttu f\u00e6ri.\u00a0 Sta\u00f0an \u00ed h\u00e1lfleik 0 \u2013 2 ver\u00f0skuldu\u00f0 forrusta hj\u00e1 okkar m\u00f6nnum.<br \/>\nS\u00ed\u00f0ar h\u00e1lfleikur byrja\u00f0i r\u00f3lega og ekki miki\u00f0 a\u00f0 gerast, vi\u00f0 ger\u00f0um tv\u00e6r breytingar \u00ed h\u00e1lfleik og \u00fea\u00f0 t\u00f3k sm\u00e1 t\u00edma a\u00f0 koma li\u00f0inu saman \u00e1 n\u00fdjan leik. \u00a0\u00dea\u00f0 var svo \u00e1 65 m\u00edn a\u00f0 Fj\u00f6lnir n\u00e1\u00f0i a\u00f0 setja \u00e1 okkur mark og allt opi\u00f0 aftur.\u00a0 En \u00fea\u00f0 m\u00e1 segja a\u00f0 vi\u00f0 h\u00f6fum kl\u00e1ra\u00f0 leikinn me\u00f0 fr\u00e1b\u00e6ru skoti Arn\u00fe\u00f3rs Ara \u00e1 81 m\u00edn og \u00fea\u00f0 var svo Aron \u00de\u00f3r\u00f0ur Albertsson sem kl\u00e1ra\u00f0i \u00feetta endanlega me\u00f0 g\u00f3\u00f0u marki \u00e1 86 m\u00edn.\u00a0 Flottur sigur \u00ed Grafarvoginum,\u00a0 lokat\u00f6lur 1-4 .\u00a0 Vel gert drengir og mikilv\u00e6gur sigur \u00ed h\u00f6fn.<br \/>\nN\u00e6sti leikur er svo vi\u00f0 KV \u00e1 mi\u00f0vikud. 18. j\u00fan\u00ed \u00ed Borgunarbikarnum.<\/p>\n<p>\u00c1FRAM FRAM<\/p>","protected":false},"excerpt":{"rendered":"<p>\u00dea\u00f0 voru \u00e1g\u00e6tar a\u00f0st\u00e6\u00f0ur sem bo\u00f0i\u00f0 upp\u00e1 \u00ed kv\u00f6ld \u00ed Grafarvoginum, alveg lj\u00f3st a\u00f0 vellirnir eru allir a\u00f0 koma til. Bjarni Gu\u00f0j\u00f3nsson ger\u00f0i \u00a0tv\u00e6r breytingar \u00e1 li\u00f0i FRAM fyrir leikinn [&hellip;]<\/p>","protected":false},"author":4,"featured_media":7484,"comment_status":"open","ping_status":"open","sticky":false,"template":"","format":"standard","meta":{"_monsterinsights_skip_tracking":false,"_monsterinsights_sitenote_active":false,"_monsterinsights_sitenote_note":"","_monsterinsights_sitenote_category":0,"_jetpack_memberships_contains_paid_content":false,"footnotes":""},"categories":[11,9,1],"tags":[],"class_list":["post-7581","post","type-post","status-publish","format-standard","has-post-thumbnail","hentry","category-mflkarla","category-fotbolti","category-uncategorized"],"jetpack_sharing_enabled":true,"jetpack_featured_media_url":"https:\/\/fram.is\/wp-content\/uploads\/2014\/05\/vefur-Arn\u00feor-scaled.jpg","_links":{"self":[{"href":"https:\/\/fram.is\/is\/wp-json\/wp\/v2\/posts\/7581","targetHints":{"allow":["GET"]}}],"collection":[{"href":"https:\/\/fram.is\/is\/wp-json\/wp\/v2\/posts"}],"about":[{"href":"https:\/\/fram.is\/is\/wp-json\/wp\/v2\/types\/post"}],"author":[{"embeddable":true,"href":"https:\/\/fram.is\/is\/wp-json\/wp\/v2\/users\/4"}],"replies":[{"embeddable":true,"href":"https:\/\/fram.is\/is\/wp-json\/wp\/v2\/comments?post=7581"}],"version-history":[{"count":0,"href":"https:\/\/fram.is\/is\/wp-json\/wp\/v2\/posts\/7581\/revisions"}],"wp:featuredmedia":[{"embeddable":true,"href":"https:\/\/fram.is\/is\/wp-json\/wp\/v2\/media\/7484"}],"wp:attachment":[{"href":"https:\/\/fram.is\/is\/wp-json\/wp\/v2\/media?parent=7581"}],"wp:term":[{"taxonomy":"category","embeddable":true,"href":"https:\/\/fram.is\/is\/wp-json\/wp\/v2\/categories?post=7581"},{"taxonomy":"post_tag","embeddable":true,"href":"https:\/\/fram.is\/is\/wp-json\/wp\/v2\/tags?post=7581"}],"curies":[{"name":"wp","href":"https:\/\/api.w.org\/{rel}","templated":true}]}}