{"id":7591,"date":"2014-06-18T22:10:32","date_gmt":"2014-06-18T22:10:32","guid":{"rendered":"http:\/\/fram.is\/?p=7591"},"modified":"2014-06-18T22:10:32","modified_gmt":"2014-06-18T22:10:32","slug":"alexander-mar-med-thrennu-godum-sigri-kv-bikarnum","status":"publish","type":"post","link":"https:\/\/fram.is\/is\/2014\/06\/18\/alexander-mar-med-thrennu-godum-sigri-kv-bikarnum\/","title":{"rendered":"Alexander M\u00e1r me\u00f0 \u00ferennu \u00ed g\u00f3\u00f0um sigri \u00e1 KV \u00ed bikarnum"},"content":{"rendered":"<p><a href=\"http:\/\/fram.is\/wp-content\/uploads\/2014\/06\/Alexander-M\u00e1r.jpg\"><img fetchpriority=\"high\" decoding=\"async\" class=\"alignright size-medium wp-image-7592\" alt=\"Alexander M\u00e1r\" src=\"http:\/\/fram.is\/wp-content\/uploads\/2014\/06\/Alexander-M\u00e1r-300x300.jpg\" width=\"300\" height=\"300\" \/><\/a>\u00dea\u00f0 var l\u00e1 dautt ve\u00f0ur \u00ed Egilsh\u00f6ll \u00ed kv\u00f6ld \u00feegar vi\u00f0 m\u00e6ttum Vesturb\u00e6jarli\u00f0inu KV \u00ed 16 li\u00f0a \u00farslitum Borgunarbikarsins. Da\u00f0i okkar Gu\u00f0mundsson var \u00ed li\u00f0inu og \u00fea\u00f0 veit bara \u00e1 gott a\u00f0 f\u00e1 Da\u00f0a aftur \u00e1 fer\u00f0ina.<br \/>\nFyrri h\u00e1lfleikur var varla byrja\u00f0ur \u00feegar Haukur Baldvins stimpla\u00f0i sig inn \u00ed leikinn me\u00f0 \u00e1g\u00e6tu marki \u00e1 6 m\u00edn, 0-1.\u00a0 Stuttu s\u00ed\u00f0ar fengum vi\u00f0 svo v\u00edtaspyrnu eftir broti\u00f0 var \u00e1 Aroni \u00de\u00f3r\u00f0i, Hafsteinn Briem t\u00f3k spyrnuna og skaut h\u00e1tt yfir, svo h\u00e1tt a\u00f0 boltinn var enn \u00e1 upplei\u00f0 \u00feegar hann lenti \u00ed netinu fyrir aftan mark KV.\u00a0 \u00deegar \u00fearna var komi\u00f0 haf\u00f0i ma\u00f0ur helstar \u00e1hyggjur af \u00fev\u00ed a\u00f0 leikmenn KV myndi mei\u00f0a einhvern alvarlega en leikur \u00feeirra sn\u00e9rist afskaplega l\u00edti\u00f0 um f\u00f3tbolta, heldur um \u00fea\u00f0 eitt a\u00f0 \u00a0sparka \u00ed menn og hrinda, eru sennilega betri \u00ed \u00fev\u00ed en a\u00f0 spila f\u00f3tbolta en svona er \u00feetta stundum. \u00a0KV n\u00e1\u00f0i samt a\u00f0 jafnaleikinn me\u00f0 g\u00f3\u00f0u skoti beint \u00fat aukaspyrnu \u00e1 39 m\u00edn 1-1.\u00a0 \u00dea\u00f0 var svo Aron \u00de\u00f3r\u00f0ur\u00a0 sem kom okkur aftur yfir me\u00f0 marki \u00far v\u00edtaspyrnu sem hann fiska\u00f0i sj\u00e1lfur en Aron ger\u00f0i vel \u00ed \u00fev\u00ed a\u00f0 f\u00e1 v\u00edtaspyrnurnar tv\u00e6r. Vel gert Aron.\u00a0 Sta\u00f0an \u00ed h\u00e1lfleik 1-2.<br \/>\nS\u00ed\u00f0ari h\u00e1lfleikur var svo eign okkar FRAMarar fr\u00e1 upphafi til enda, vi\u00f0 vorum miklu betri \u00e1 \u00f6llum svi\u00f0um, leikmenn KV voru b\u00fanir a\u00f0 hlaupa af s\u00e9 mestu hornin og voru \u201eh\u00e6ttu minni\u201c \u00feegar l\u00ed\u00f0a t\u00f3k \u00e1 leikinn, h\u00e6ttir a\u00f0 sparka menn ni\u00f0ur a\u00f0 mestu en minntu \u00fe\u00f3 \u00e1 sig allt til enda me\u00f0 kj\u00e1nalegum brotum.\u00a0 Alexander M\u00e1r t\u00f3k svo til sinna r\u00e1\u00f0a \u00ed 63 m\u00edn \u00feegar hann ger\u00f0i gott mark eftir flottan undirb\u00faning \u00d3svalds\u00a0 1-3. Alexander var aftur \u00e1 fer\u00f0inni \u00e1 73 og 76 m\u00edn , sta\u00f0an or\u00f0in 1-5 og leiknum loki\u00f0.\u00a0 En eins og vi\u00f0 m\u00e1tti b\u00faast \u00fe\u00e1 sl\u00f6ku\u00f0um vi\u00f0 helst til miki\u00f0 \u00e1 eftir \u00feetta \u00a0og vi\u00f0 ger\u00f0um okkur seka um tvenn varnarmisst\u00f6k sem g\u00e1fum Vesturb\u00e6jarli\u00f0inum 2 m\u00f6rk sem var algj\u00f6r \u00f3\u00fearfi en breytti svo sem engu. Lokat\u00f6lur \u00ed kv\u00f6ld\u00a0 3-5 og s\u00e6ti \u00ed 8 li\u00f0a \u00farslitum tryggt.<br \/>\nStr\u00e1karnir spilu\u00f0u vel \u00ed kv\u00f6ld og kl\u00e1ru\u00f0u erfitt verkefni vel og fyrir \u00fea\u00f0 eiga \u00feeir hr\u00f3s skili\u00f0.<br \/>\nDregi\u00f0 ver\u00f0ur \u00ed bikarnum \u00ed h\u00e1deginu \u00e1 f\u00f6studag og \u00fe\u00e1 kemur \u00ed lj\u00f3s hverjir andst\u00e6\u00f0ingarnir ver\u00f0a \u00ed n\u00e6stu umfer\u00f0.<\/p>\n<p>\u00c1FRAM FRAM !<\/p>","protected":false},"excerpt":{"rendered":"<p>\u00dea\u00f0 var l\u00e1 dautt ve\u00f0ur \u00ed Egilsh\u00f6ll \u00ed kv\u00f6ld \u00feegar vi\u00f0 m\u00e6ttum Vesturb\u00e6jarli\u00f0inu KV \u00ed 16 li\u00f0a \u00farslitum Borgunarbikarsins. Da\u00f0i okkar Gu\u00f0mundsson var \u00ed li\u00f0inu og \u00fea\u00f0 veit bara \u00e1 [&hellip;]<\/p>","protected":false},"author":4,"featured_media":7462,"comment_status":"open","ping_status":"open","sticky":false,"template":"","format":"standard","meta":{"_monsterinsights_skip_tracking":false,"_monsterinsights_sitenote_active":false,"_monsterinsights_sitenote_note":"","_monsterinsights_sitenote_category":0,"_jetpack_memberships_contains_paid_content":false,"footnotes":""},"categories":[11,9],"tags":[],"class_list":["post-7591","post","type-post","status-publish","format-standard","has-post-thumbnail","hentry","category-mflkarla","category-fotbolti"],"jetpack_sharing_enabled":true,"jetpack_featured_media_url":"https:\/\/fram.is\/wp-content\/uploads\/2014\/05\/Alexander-vefur-scaled.jpg","_links":{"self":[{"href":"https:\/\/fram.is\/is\/wp-json\/wp\/v2\/posts\/7591","targetHints":{"allow":["GET"]}}],"collection":[{"href":"https:\/\/fram.is\/is\/wp-json\/wp\/v2\/posts"}],"about":[{"href":"https:\/\/fram.is\/is\/wp-json\/wp\/v2\/types\/post"}],"author":[{"embeddable":true,"href":"https:\/\/fram.is\/is\/wp-json\/wp\/v2\/users\/4"}],"replies":[{"embeddable":true,"href":"https:\/\/fram.is\/is\/wp-json\/wp\/v2\/comments?post=7591"}],"version-history":[{"count":0,"href":"https:\/\/fram.is\/is\/wp-json\/wp\/v2\/posts\/7591\/revisions"}],"wp:featuredmedia":[{"embeddable":true,"href":"https:\/\/fram.is\/is\/wp-json\/wp\/v2\/media\/7462"}],"wp:attachment":[{"href":"https:\/\/fram.is\/is\/wp-json\/wp\/v2\/media?parent=7591"}],"wp:term":[{"taxonomy":"category","embeddable":true,"href":"https:\/\/fram.is\/is\/wp-json\/wp\/v2\/categories?post=7591"},{"taxonomy":"post_tag","embeddable":true,"href":"https:\/\/fram.is\/is\/wp-json\/wp\/v2\/tags?post=7591"}],"curies":[{"name":"wp","href":"https:\/\/api.w.org\/{rel}","templated":true}]}}