{"id":7693,"date":"2014-07-03T22:51:14","date_gmt":"2014-07-03T22:51:14","guid":{"rendered":"http:\/\/fram.is\/?p=7693"},"modified":"2014-07-03T22:51:14","modified_gmt":"2014-07-03T22:51:14","slug":"helgi-gudjonsson-u-15-landslid-islands","status":"publish","type":"post","link":"https:\/\/fram.is\/is\/2014\/07\/03\/helgi-gudjonsson-u-15-landslid-islands\/","title":{"rendered":"Helgi Gu\u00f0j\u00f3nsson \u00ed U -15 landsli\u00f0 \u00cdslands"},"content":{"rendered":"<p><em><a href=\"http:\/\/fram.is\/wp-content\/uploads\/2013\/10\/Helgi-Gu\u00f0j\u00f3nsson-4.-fl.ka_.-2013.jpg\"><img fetchpriority=\"high\" decoding=\"async\" class=\"alignright size-medium wp-image-4596\" alt=\"Helgi Gu\u00f0j\u00f3nsson 4. fl.ka. 2013\" src=\"http:\/\/fram.is\/wp-content\/uploads\/2013\/10\/Helgi-Gu\u00f0j\u00f3nsson-4.-fl.ka_.-2013-300x215.jpg\" width=\"300\" height=\"215\" \/><\/a><\/em>Freyr Sverrisson, \u00fej\u00e1lfari U15 landsli\u00f0s karla, hefur vali\u00f0 18 manna lokah\u00f3p til a\u00f0 leika fyrir \u00cdslands h\u00f6nd \u00ed \u00d3lymp\u00eduleikum ungmenna \u00ed Nanjing \u00a0K\u00edna 11. \u2013 29. \u00c1g\u00fast. Vi\u00f0 FRAMarar erum stoltir af \u00fev\u00ed a\u00f0 eiga fulltr\u00faa \u00ed \u00feessum h\u00f3pi en \u00fea\u00f0 er Helgi Gu\u00f0j\u00f3nsson sem ver\u00f0ur fulltr\u00fai okkar FRAMarar \u00ed fer\u00f0inni til K\u00edna.<\/p>\n<p>Helgi Gu\u00f0j\u00f3nsson \u00a0\u00a0\u00a0\u00a0\u00a0\u00a0\u00a0\u00a0\u00a0\u00a0\u00a0\u00a0\u00a0\u00a0\u00a0\u00a0\u00a0 FRAM<\/p>\n<p>\u00c1FRAM \u00cdSLAND<\/p>","protected":false},"excerpt":{"rendered":"<p>Freyr Sverrisson, \u00fej\u00e1lfari U15 landsli\u00f0s karla, hefur vali\u00f0 18 manna lokah\u00f3p til a\u00f0 leika fyrir \u00cdslands h\u00f6nd \u00ed \u00d3lymp\u00eduleikum ungmenna \u00ed Nanjing \u00a0K\u00edna 11. \u2013 29. \u00c1g\u00fast. Vi\u00f0 FRAMarar erum [&hellip;]<\/p>","protected":false},"author":4,"featured_media":7694,"comment_status":"open","ping_status":"open","sticky":false,"template":"","format":"standard","meta":{"_monsterinsights_skip_tracking":false,"_monsterinsights_sitenote_active":false,"_monsterinsights_sitenote_note":"","_monsterinsights_sitenote_category":0,"_jetpack_memberships_contains_paid_content":false,"footnotes":""},"categories":[9,13],"tags":[],"class_list":["post-7693","post","type-post","status-publish","format-standard","has-post-thumbnail","hentry","category-fotbolti","category-yngriflokkar"],"jetpack_sharing_enabled":true,"jetpack_featured_media_url":"https:\/\/fram.is\/wp-content\/uploads\/2014\/07\/Helgi-Gu\u00f0j\u00f3ns.jpg","_links":{"self":[{"href":"https:\/\/fram.is\/is\/wp-json\/wp\/v2\/posts\/7693","targetHints":{"allow":["GET"]}}],"collection":[{"href":"https:\/\/fram.is\/is\/wp-json\/wp\/v2\/posts"}],"about":[{"href":"https:\/\/fram.is\/is\/wp-json\/wp\/v2\/types\/post"}],"author":[{"embeddable":true,"href":"https:\/\/fram.is\/is\/wp-json\/wp\/v2\/users\/4"}],"replies":[{"embeddable":true,"href":"https:\/\/fram.is\/is\/wp-json\/wp\/v2\/comments?post=7693"}],"version-history":[{"count":0,"href":"https:\/\/fram.is\/is\/wp-json\/wp\/v2\/posts\/7693\/revisions"}],"wp:featuredmedia":[{"embeddable":true,"href":"https:\/\/fram.is\/is\/wp-json\/wp\/v2\/media\/7694"}],"wp:attachment":[{"href":"https:\/\/fram.is\/is\/wp-json\/wp\/v2\/media?parent=7693"}],"wp:term":[{"taxonomy":"category","embeddable":true,"href":"https:\/\/fram.is\/is\/wp-json\/wp\/v2\/categories?post=7693"},{"taxonomy":"post_tag","embeddable":true,"href":"https:\/\/fram.is\/is\/wp-json\/wp\/v2\/tags?post=7693"}],"curies":[{"name":"wp","href":"https:\/\/api.w.org\/{rel}","templated":true}]}}