{"id":7701,"date":"2014-07-03T22:21:40","date_gmt":"2014-07-03T22:21:40","guid":{"rendered":"http:\/\/fram.is\/?p=7701"},"modified":"2014-07-03T22:21:40","modified_gmt":"2014-07-03T22:21:40","slug":"fram-matti-saetta-sig-vid-tap-evropudeildinni-kvold","status":"publish","type":"post","link":"https:\/\/fram.is\/is\/2014\/07\/03\/fram-matti-saetta-sig-vid-tap-evropudeildinni-kvold\/","title":{"rendered":"FRAM m\u00e1tti s\u00e6tta sig vi\u00f0 tap \u00ed Evr\u00f3pudeildinni \u00ed kv\u00f6ld"},"content":{"rendered":"<p><a href=\"http:\/\/fram.is\/wp-content\/uploads\/2014\/07\/li\u00f0i.jpg\"><img decoding=\"async\" class=\"alignright size-medium wp-image-7702\" alt=\"li\u00f0i\" src=\"http:\/\/fram.is\/wp-content\/uploads\/2014\/07\/li\u00f0i-300x150.jpg\" width=\"300\" height=\"150\" srcset=\"https:\/\/fram.is\/wp-content\/uploads\/2014\/07\/li\u00f0i-300x150.jpg 300w, https:\/\/fram.is\/wp-content\/uploads\/2014\/07\/li\u00f0i-768x384.jpg 768w, https:\/\/fram.is\/wp-content\/uploads\/2014\/07\/li\u00f0i.jpg 800w\" sizes=\"(max-width: 300px) 100vw, 300px\" \/><\/a>\u00dea\u00f0 er n\u00fa ekki \u00e1 hverjum degi sem vi\u00f0 FRAMarar t\u00f6kum \u00fe\u00e1tt \u00ed Evr\u00f3pukeppni og \u00fea\u00f0 voru \u00fev\u00ed vonbrig\u00f0i a\u00f0 m\u00e6ta \u00e1 v\u00f6llinn \u00ed kv\u00f6ld, 500 FRAMarar voru m\u00e6ttir a\u00f0 sty\u00f0ja li\u00f0i okkar.\u00a0 \u00dea\u00f0 voru t\u00f6luvert fleiri sem m\u00e6ttu \u00e1 bikar\u00farslitaleikinn \u00fear sem vi\u00f0 n\u00e1\u00f0um a\u00f0 tryggja okkur titilinn sem kom okkur \u00ed \u00feennan leik, \u00fev\u00ed fannst m\u00e9r dapurt a\u00f0 sj\u00e1 ekki fleiri FRAMara sty\u00f0ja vi\u00f0 baki\u00f0 \u00e1 li\u00f0inu. \u00deetta er umhugsunarefni fyrir okkur sem k\u00f6llum okkur FRAMara.<br \/>\nLeikurinn \u00ed kv\u00f6ld f\u00f3r r\u00f3lega afsta\u00f0 eins og vi\u00f0 m\u00e1tti b\u00faast, li\u00f0in vildu greinilega sj\u00e1 hva\u00f0 andst\u00e6\u00f0ingurinn hef\u00f0i upp \u00e1 a\u00f0 bj\u00f3\u00f0a.\u00a0 Vi\u00f0 FRAMarar vorum full r\u00f3legir a\u00f0 m\u00e9r fannst, eins og vi\u00f0 v\u00e6rum p\u00ednu hr\u00e6ddir vi\u00f0 a\u00f0 taka afskari\u00f0 en \u00fea\u00f0 laga\u00f0ist \u00feegar l\u00ed\u00f0a t\u00f3k \u00e1 h\u00e1lfleikinn.\u00a0 Vi\u00f0 b\u00e6ttum okkar leik \u00feegar l\u00ed\u00f0a t\u00f3k \u00e1 h\u00e1lfleikinn og sm\u00e1 sama \u00e1ttu\u00f0u menn sig \u00e1 \u00fev\u00ed a\u00f0 andst\u00e6\u00f0ingarnir voru enginn undrab\u00f6rn \u00ed f\u00f3tbolta. F\u00e1 markvert ger\u00f0ist \u00ed fyrri h\u00e1lfleik og sta\u00f0an 0-0 eftir 45 m\u00edn.<br \/>\n\u00c9g h\u00e9lt a\u00f0 okkar menn myndu m\u00e6ta af meiri krafti \u00ed s\u00ed\u00f0ari h\u00e1lfleikinn en var\u00f0 fyrir sm\u00e1 vonbrig\u00f0um, hinsvegar spilu\u00f0um vi\u00f0 oft \u00e1g\u00e6tan f\u00f3tbolta en \u00fea\u00f0 vanta\u00f0i meiri \u00e1r\u00e6\u00f0ni \u00ed okkar leik.\u00a0 \u00dea\u00f0 var svo \u00e1 61 m\u00edn sem vi\u00f0 fengum \u00e1 okkur klaufalegt mark eftir hornspyrnu. \u00cd raun b\u00f6lva\u00f0 heppnis mark en ekki spurt af \u00fev\u00ed, s\u00e9rstaklega \u00feegar haft er \u00ed huga a\u00f0 Eistarnir fengu \u00ed raun ekki f\u00e6ri \u00ed \u00feessum leik. \u00a0Eftir marki\u00f0 reyndum vi\u00f0 a\u00f0 s\u00e6kja og fengum f\u00e6ri til a\u00f0 jafna \u00feennan leik, en allt kom fyrir ekki. S\u00fart tap sta\u00f0reynd \u00ed \u00feessum mikilv\u00e6ga Evr\u00f3puleik.<br \/>\nEn \u00fea\u00f0 er enginn \u00e1st\u00e6\u00f0a til \u00feessa a\u00f0 hengja haus strax \u00fev\u00ed seinni leikurinn er eftir og \u00e9g s\u00e9 ekkert \u00fev\u00ed til fyrirst\u00f6\u00f0u a\u00f0 vi\u00f0 vinnum \u00feann leik \u00ed Eistlandi. Andst\u00e6\u00f0ingurinn er bara ekki \u00fea\u00f0 sterkur a\u00f0 \u00fea\u00f0 s\u00e9 ekki h\u00e6gt ef allir okkar leikmenn m\u00e6ta og gefa allt \u00ed leikinn. Str\u00e1kar \u00feetta er vel h\u00e6gt.<br \/>\n\u00c1FRAM FRAM<\/p>","protected":false},"excerpt":{"rendered":"<p>\u00dea\u00f0 er n\u00fa ekki \u00e1 hverjum degi sem vi\u00f0 FRAMarar t\u00f6kum \u00fe\u00e1tt \u00ed Evr\u00f3pukeppni og \u00fea\u00f0 voru \u00fev\u00ed vonbrig\u00f0i a\u00f0 m\u00e6ta \u00e1 v\u00f6llinn \u00ed kv\u00f6ld, 500 FRAMarar voru m\u00e6ttir a\u00f0 [&hellip;]<\/p>","protected":false},"author":4,"featured_media":7703,"comment_status":"open","ping_status":"open","sticky":false,"template":"","format":"standard","meta":{"_monsterinsights_skip_tracking":false,"_monsterinsights_sitenote_active":false,"_monsterinsights_sitenote_note":"","_monsterinsights_sitenote_category":0,"_jetpack_memberships_contains_paid_content":false,"footnotes":""},"categories":[11,9],"tags":[],"class_list":["post-7701","post","type-post","status-publish","format-standard","has-post-thumbnail","hentry","category-mflkarla","category-fotbolti"],"jetpack_sharing_enabled":true,"jetpack_featured_media_url":"https:\/\/fram.is\/wp-content\/uploads\/2014\/07\/fram-evropu.jpg","_links":{"self":[{"href":"https:\/\/fram.is\/is\/wp-json\/wp\/v2\/posts\/7701","targetHints":{"allow":["GET"]}}],"collection":[{"href":"https:\/\/fram.is\/is\/wp-json\/wp\/v2\/posts"}],"about":[{"href":"https:\/\/fram.is\/is\/wp-json\/wp\/v2\/types\/post"}],"author":[{"embeddable":true,"href":"https:\/\/fram.is\/is\/wp-json\/wp\/v2\/users\/4"}],"replies":[{"embeddable":true,"href":"https:\/\/fram.is\/is\/wp-json\/wp\/v2\/comments?post=7701"}],"version-history":[{"count":0,"href":"https:\/\/fram.is\/is\/wp-json\/wp\/v2\/posts\/7701\/revisions"}],"wp:featuredmedia":[{"embeddable":true,"href":"https:\/\/fram.is\/is\/wp-json\/wp\/v2\/media\/7703"}],"wp:attachment":[{"href":"https:\/\/fram.is\/is\/wp-json\/wp\/v2\/media?parent=7701"}],"wp:term":[{"taxonomy":"category","embeddable":true,"href":"https:\/\/fram.is\/is\/wp-json\/wp\/v2\/categories?post=7701"},{"taxonomy":"post_tag","embeddable":true,"href":"https:\/\/fram.is\/is\/wp-json\/wp\/v2\/tags?post=7701"}],"curies":[{"name":"wp","href":"https:\/\/api.w.org\/{rel}","templated":true}]}}