{"id":7781,"date":"2014-07-09T11:07:45","date_gmt":"2014-07-09T11:07:45","guid":{"rendered":"http:\/\/fram.is\/?p=7781"},"modified":"2014-07-09T11:07:45","modified_gmt":"2014-07-09T11:07:45","slug":"strakarnir-okkar-komnir-til-tallin","status":"publish","type":"post","link":"https:\/\/fram.is\/is\/2014\/07\/09\/strakarnir-okkar-komnir-til-tallin\/","title":{"rendered":"Str\u00e1karnir okkar komnir til Tallin"},"content":{"rendered":"<p><a href=\"http:\/\/fram.is\/wp-content\/uploads\/2014\/07\/Li\u00f0smynd-Evr\u00f3pa.jpg\"><img fetchpriority=\"high\" decoding=\"async\" class=\"alignright size-medium wp-image-7778\" alt=\"Li\u00f0smynd Evr\u00f3pa\" src=\"http:\/\/fram.is\/wp-content\/uploads\/2014\/07\/Li\u00f0smynd-Evr\u00f3pa-300x199.jpg\" width=\"300\" height=\"199\" \/><\/a>Str\u00e1karnir okkar \u00ed\u00a0 meistaraflokki karla eru n\u00fana komnir til Tallin \u00ed Eistlandi \u00fear sem \u00feeir undirb\u00faa sig fyrir seinnileikinn gegn N\u00f6mme Kalju \u00ed Evr\u00f3pudeildinni en leikurinn fer fram \u00ed Tallin \u00e1 fimmtudag kl. 16:00.<br \/>\nStr\u00e1karnir l\u00f6gu\u00f0 afsta\u00f0 \u00ed g\u00e6r og var reikna\u00f0 me\u00f0 a\u00f0 \u00feeir k\u00e6must \u00e1 \u00e1fangasta\u00f0 um kl. 23:15 \u00ed g\u00e6r.<br \/>\nDagurinn \u00ed dag fer\u00f0 \u00fev\u00ed \u00ed undirb\u00faning fyrir leikinn og munu \u00feeir taka g\u00f3\u00f0a \u00e6fingu\u00a0 seinnipartinn \u00ed dag \u00e1samt \u00fev\u00ed a\u00f0 sko\u00f0a sig um \u00ed borginni.\u00a0\u00a0 Leikurinn fer svo fram eins og \u00e1\u00f0ur sag\u00f0i \u00e1 fimmtudag kl. 16:00 a\u00f0 \u00edslenskum t\u00edma e\u00f0a kl. 19:00 a\u00f0 sta\u00f0art\u00edma.<br \/>\n\u00dea\u00f0 ver\u00f0ur spennandi a\u00f0 fylgjast me\u00f0 drengjunum \u00ed \u00feessu leik en \u00feeir eiga fullt erindi \u00ed \u00feetta li\u00f0 N\u00f6mme Kalju en \u00feurfa a\u00f0 s\u00fdna g\u00f3\u00f0an leik til a\u00f0 kl\u00e1ra \u00feetta verkfefni \u00e1 erfi\u00f0um \u00fativelli.<br \/>\n\u00c1FRAM FRAM<\/p>","protected":false},"excerpt":{"rendered":"<p>Str\u00e1karnir okkar \u00ed\u00a0 meistaraflokki karla eru n\u00fana komnir til Tallin \u00ed Eistlandi \u00fear sem \u00feeir undirb\u00faa sig fyrir seinnileikinn gegn N\u00f6mme Kalju \u00ed Evr\u00f3pudeildinni en leikurinn fer fram \u00ed Tallin [&hellip;]<\/p>","protected":false},"author":4,"featured_media":7780,"comment_status":"open","ping_status":"open","sticky":false,"template":"","format":"standard","meta":{"_monsterinsights_skip_tracking":false,"_monsterinsights_sitenote_active":false,"_monsterinsights_sitenote_note":"","_monsterinsights_sitenote_category":0,"_jetpack_memberships_contains_paid_content":false,"footnotes":""},"categories":[11,9],"tags":[],"class_list":["post-7781","post","type-post","status-publish","format-standard","has-post-thumbnail","hentry","category-mflkarla","category-fotbolti"],"jetpack_sharing_enabled":true,"jetpack_featured_media_url":"https:\/\/fram.is\/wp-content\/uploads\/2014\/07\/Li\u00f0i\u00f0-og-guttar.jpg","_links":{"self":[{"href":"https:\/\/fram.is\/is\/wp-json\/wp\/v2\/posts\/7781","targetHints":{"allow":["GET"]}}],"collection":[{"href":"https:\/\/fram.is\/is\/wp-json\/wp\/v2\/posts"}],"about":[{"href":"https:\/\/fram.is\/is\/wp-json\/wp\/v2\/types\/post"}],"author":[{"embeddable":true,"href":"https:\/\/fram.is\/is\/wp-json\/wp\/v2\/users\/4"}],"replies":[{"embeddable":true,"href":"https:\/\/fram.is\/is\/wp-json\/wp\/v2\/comments?post=7781"}],"version-history":[{"count":0,"href":"https:\/\/fram.is\/is\/wp-json\/wp\/v2\/posts\/7781\/revisions"}],"wp:featuredmedia":[{"embeddable":true,"href":"https:\/\/fram.is\/is\/wp-json\/wp\/v2\/media\/7780"}],"wp:attachment":[{"href":"https:\/\/fram.is\/is\/wp-json\/wp\/v2\/media?parent=7781"}],"wp:term":[{"taxonomy":"category","embeddable":true,"href":"https:\/\/fram.is\/is\/wp-json\/wp\/v2\/categories?post=7781"},{"taxonomy":"post_tag","embeddable":true,"href":"https:\/\/fram.is\/is\/wp-json\/wp\/v2\/tags?post=7781"}],"curies":[{"name":"wp","href":"https:\/\/api.w.org\/{rel}","templated":true}]}}