{"id":7786,"date":"2014-07-10T15:52:25","date_gmt":"2014-07-10T15:52:25","guid":{"rendered":"http:\/\/fram.is\/?p=7786"},"modified":"2014-07-10T15:52:25","modified_gmt":"2014-07-10T15:52:25","slug":"byrjunarlid-fram-gegn-nomme-kalju","status":"publish","type":"post","link":"https:\/\/fram.is\/is\/2014\/07\/10\/byrjunarlid-fram-gegn-nomme-kalju\/","title":{"rendered":"Byrjunarli\u00f0 FRAM gegn Nomme Kalju"},"content":{"rendered":"<p><a href=\"http:\/\/fram.is\/wp-content\/uploads\/2014\/07\/Li\u00f0smynd-Evr\u00f3pa.jpg\"><img fetchpriority=\"high\" decoding=\"async\" class=\"alignright size-medium wp-image-7778\" alt=\"Li\u00f0smynd Evr\u00f3pa\" src=\"http:\/\/fram.is\/wp-content\/uploads\/2014\/07\/Li\u00f0smynd-Evr\u00f3pa-300x199.jpg\" width=\"300\" height=\"199\" \/><\/a>\u00d6gmundur \u00ed markinu.<\/p>\n<p>Orri, Tryggvi, Einar og \u00d3si \u00a0\u00ed v\u00f6rn<\/p>\n<p>J\u00f3i Kalli, Viktor og Arn\u00fe\u00f3r<\/p>\n<p>Haukur og \u00c1sgeir<\/p>\n<p>Bj\u00f6rg\u00f3lfur<\/p>\n<p>Sennilega er h\u00e6gt a\u00f0 fylgjast me\u00f0 \u00e1 \u00feessari sl\u00f3\u00f0<\/p>\n<p><a href=\"http:\/\/www.livesoccertv.com\/teams\/estonia\/kalju\/\" target=\"_blank\" rel=\"noopener\">\u00a0http:\/\/www.livesoccertv.com\/teams\/estonia\/kalju\/\u00a0<\/a><\/p>\n<p>&nbsp;<\/p>\n<p>&nbsp;<\/p>","protected":false},"excerpt":{"rendered":"<p>\u00d6gmundur \u00ed markinu. Orri, Tryggvi, Einar og \u00d3si \u00a0\u00ed v\u00f6rn J\u00f3i Kalli, Viktor og Arn\u00fe\u00f3r Haukur og \u00c1sgeir Bj\u00f6rg\u00f3lfur Sennilega er h\u00e6gt a\u00f0 fylgjast me\u00f0 \u00e1 \u00feessari sl\u00f3\u00f0 \u00a0http:\/\/www.livesoccertv.com\/teams\/estonia\/kalju\/\u00a0 &nbsp; [&hellip;]<\/p>","protected":false},"author":4,"featured_media":7777,"comment_status":"open","ping_status":"open","sticky":false,"template":"","format":"standard","meta":{"_monsterinsights_skip_tracking":false,"_monsterinsights_sitenote_active":false,"_monsterinsights_sitenote_note":"","_monsterinsights_sitenote_category":0,"_jetpack_memberships_contains_paid_content":false,"footnotes":""},"categories":[11,9],"tags":[],"class_list":["post-7786","post","type-post","status-publish","format-standard","has-post-thumbnail","hentry","category-mflkarla","category-fotbolti"],"jetpack_sharing_enabled":true,"jetpack_featured_media_url":"https:\/\/fram.is\/wp-content\/uploads\/2014\/07\/Li\u00f0smynd-Evr\u00f3pa-vefur.jpg","_links":{"self":[{"href":"https:\/\/fram.is\/is\/wp-json\/wp\/v2\/posts\/7786","targetHints":{"allow":["GET"]}}],"collection":[{"href":"https:\/\/fram.is\/is\/wp-json\/wp\/v2\/posts"}],"about":[{"href":"https:\/\/fram.is\/is\/wp-json\/wp\/v2\/types\/post"}],"author":[{"embeddable":true,"href":"https:\/\/fram.is\/is\/wp-json\/wp\/v2\/users\/4"}],"replies":[{"embeddable":true,"href":"https:\/\/fram.is\/is\/wp-json\/wp\/v2\/comments?post=7786"}],"version-history":[{"count":0,"href":"https:\/\/fram.is\/is\/wp-json\/wp\/v2\/posts\/7786\/revisions"}],"wp:featuredmedia":[{"embeddable":true,"href":"https:\/\/fram.is\/is\/wp-json\/wp\/v2\/media\/7777"}],"wp:attachment":[{"href":"https:\/\/fram.is\/is\/wp-json\/wp\/v2\/media?parent=7786"}],"wp:term":[{"taxonomy":"category","embeddable":true,"href":"https:\/\/fram.is\/is\/wp-json\/wp\/v2\/categories?post=7786"},{"taxonomy":"post_tag","embeddable":true,"href":"https:\/\/fram.is\/is\/wp-json\/wp\/v2\/tags?post=7786"}],"curies":[{"name":"wp","href":"https:\/\/api.w.org\/{rel}","templated":true}]}}