{"id":7788,"date":"2014-07-10T18:37:05","date_gmt":"2014-07-10T18:37:05","guid":{"rendered":"http:\/\/fram.is\/?p=7788"},"modified":"2014-07-10T18:37:05","modified_gmt":"2014-07-10T18:37:05","slug":"jafntefli-gegn-nomme-kalju-sidari-leiknum-dag","status":"publish","type":"post","link":"https:\/\/fram.is\/is\/2014\/07\/10\/jafntefli-gegn-nomme-kalju-sidari-leiknum-dag\/","title":{"rendered":"Jafntefli gegn N\u00f6mme Kalju \u00ed s\u00ed\u00f0ari leiknum \u00ed dag."},"content":{"rendered":"<p><a href=\"http:\/\/fram.is\/wp-content\/uploads\/2014\/07\/Li\u00f0smynd-Evr\u00f3pa.jpg\"><img fetchpriority=\"high\" decoding=\"async\" class=\"alignright size-medium wp-image-7778\" alt=\"Li\u00f0smynd Evr\u00f3pa\" src=\"http:\/\/fram.is\/wp-content\/uploads\/2014\/07\/Li\u00f0smynd-Evr\u00f3pa-300x199.jpg\" width=\"300\" height=\"199\" \/><\/a>Evr\u00ad\u00f3pu\u00addraum\u00adur okkar Framara \u00a0er \u00fati \u00feetta \u00e1ri\u00f0. \u00dea\u00f0 var lj\u00f3st\u00a0 eft\u00adir \u00a0jafn\u00adtefli vi\u00f0 N\u00f6mme Kalju fr\u00e1 Eistlandi \u00ed s\u00ed\u00f0ari leik li\u00f0anna en leiki\u00f0 var \u00ed Eistlandi. Lokat\u00f6lur \u00ed kv\u00f6ld 2-2 sem ver\u00f0a a\u00f0 teljast \u00e1s\u00e6ttanleg \u00farslit en \u00fea\u00f0 dug\u00f0i \u00fev\u00ed mi\u00f0ur skammt. Eins og flestum er kunnugt t\u00f6pu\u00f0um vi\u00f0 fyrri leiknum \u00e1 Laugardalsvelli 0-1 og t\u00f6pu\u00f0um \u00a0\u00fev\u00ed saman<br \/>\nlagt 3-2.<br \/>\n\u00dea\u00f0 var alltaf lj\u00f3st a\u00f0 \u00fea\u00f0 yr\u00f0i erfitt a\u00f0 n\u00e1 sigri ytra\u00a0 en eins og \u00e9g hef veri\u00f0 a\u00f0 l\u00fdsa eftir \u00fe\u00e1 getum vi\u00f0 \u00fdmislegt \u00ed f\u00f3tbolta en \u00feurfum bara a\u00f0 s\u00fdna \u00fea\u00f0 og \u00feora a\u00f0 s\u00fdna hva\u00f0 vi\u00f0 getum. \u00a0\u00darslitin \u00ed kv\u00f6ld er \u00fev\u00ed \u00e1s\u00e6ttanleg\u00a0 og gefur drengjunum vonandi sm\u00e1 b\u00fast fyrir leikinn gegn Fylki \u00e1 m\u00e1nudag.\u00a0 Sta\u00f0an \u00ed h\u00e1lfleik \u00ed kv\u00f6ld var 1-1, \u00fea\u00f0 var Einar Bjarni sem skora\u00f0i fyrir okkur FRAMara \u00e1 25 m\u00edn eftir aukaspyrnu. Eistarnir komust svo yfir \u00ed s\u00ed\u00f0ari h\u00e1lfleik en vi\u00f0 n\u00e1\u00f0um \u00a0a\u00f0 jafna \u00a0\u00e1 65 m\u00edn me\u00f0 marki fr\u00e1 hinum mi\u00f0ver\u00f0inum okkar Tryggva Sveini. B\u00e6\u00f0i \u00feessi m\u00f6rk komu eftir aukaspyrnu fr\u00e1 J\u00f3a Kalla. \u00a0Lokat\u00f6lur \u00a02-2, samanlagt 3-2 og \u00fear me\u00f0 h\u00f6fum vi\u00f0 loki\u00f0 keppni \u00feetta \u00e1ri\u00f0.<br \/>\n\u00c1FRAM FRAM<\/p>\n<p>&nbsp;<\/p>","protected":false},"excerpt":{"rendered":"<p>Evr\u00ad\u00f3pu\u00addraum\u00adur okkar Framara \u00a0er \u00fati \u00feetta \u00e1ri\u00f0. \u00dea\u00f0 var lj\u00f3st\u00a0 eft\u00adir \u00a0jafn\u00adtefli vi\u00f0 N\u00f6mme Kalju fr\u00e1 Eistlandi \u00ed s\u00ed\u00f0ari leik li\u00f0anna en leiki\u00f0 var \u00ed Eistlandi. Lokat\u00f6lur \u00ed kv\u00f6ld 2-2 [&hellip;]<\/p>","protected":false},"author":4,"featured_media":7780,"comment_status":"open","ping_status":"open","sticky":false,"template":"","format":"standard","meta":{"_monsterinsights_skip_tracking":false,"_monsterinsights_sitenote_active":false,"_monsterinsights_sitenote_note":"","_monsterinsights_sitenote_category":0,"_jetpack_memberships_contains_paid_content":false,"footnotes":""},"categories":[11,9],"tags":[],"class_list":["post-7788","post","type-post","status-publish","format-standard","has-post-thumbnail","hentry","category-mflkarla","category-fotbolti"],"jetpack_sharing_enabled":true,"jetpack_featured_media_url":"https:\/\/fram.is\/wp-content\/uploads\/2014\/07\/Li\u00f0i\u00f0-og-guttar.jpg","_links":{"self":[{"href":"https:\/\/fram.is\/is\/wp-json\/wp\/v2\/posts\/7788","targetHints":{"allow":["GET"]}}],"collection":[{"href":"https:\/\/fram.is\/is\/wp-json\/wp\/v2\/posts"}],"about":[{"href":"https:\/\/fram.is\/is\/wp-json\/wp\/v2\/types\/post"}],"author":[{"embeddable":true,"href":"https:\/\/fram.is\/is\/wp-json\/wp\/v2\/users\/4"}],"replies":[{"embeddable":true,"href":"https:\/\/fram.is\/is\/wp-json\/wp\/v2\/comments?post=7788"}],"version-history":[{"count":0,"href":"https:\/\/fram.is\/is\/wp-json\/wp\/v2\/posts\/7788\/revisions"}],"wp:featuredmedia":[{"embeddable":true,"href":"https:\/\/fram.is\/is\/wp-json\/wp\/v2\/media\/7780"}],"wp:attachment":[{"href":"https:\/\/fram.is\/is\/wp-json\/wp\/v2\/media?parent=7788"}],"wp:term":[{"taxonomy":"category","embeddable":true,"href":"https:\/\/fram.is\/is\/wp-json\/wp\/v2\/categories?post=7788"},{"taxonomy":"post_tag","embeddable":true,"href":"https:\/\/fram.is\/is\/wp-json\/wp\/v2\/tags?post=7788"}],"curies":[{"name":"wp","href":"https:\/\/api.w.org\/{rel}","templated":true}]}}