{"id":7940,"date":"2014-08-13T16:33:44","date_gmt":"2014-08-13T16:33:44","guid":{"rendered":"http:\/\/fram.is\/?p=7940"},"modified":"2014-08-13T16:33:44","modified_gmt":"2014-08-13T16:33:44","slug":"kristin-og-karolina-semja-vid-fram-til-tveggja-ara","status":"publish","type":"post","link":"https:\/\/fram.is\/is\/2014\/08\/13\/kristin-og-karolina-semja-vid-fram-til-tveggja-ara\/","title":{"rendered":"Krist\u00edn og Kar\u00f3l\u00edna semja vi\u00f0 FRAM til tveggja \u00e1ra"},"content":{"rendered":"<p>Handknattleiksdeild FRAM hefur gengi\u00f0 fr\u00e1 n\u00fdjum samningum vi\u00f0 tvo af yngri leikm\u00f6nnum s\u00ednum.\u00a0 \u00deetta eru \u00fe\u00e6r Krist\u00edn Helgad\u00f3ttir og Kar\u00f3l\u00edna Vilborg Torfad\u00f3ttir.<\/p>\n<p><a href=\"http:\/\/fram.is\/wp-content\/uploads\/2014\/02\/kristin.jpg\"><img fetchpriority=\"high\" decoding=\"async\" class=\"alignright size-medium wp-image-6047\" alt=\"kristin\" src=\"http:\/\/fram.is\/wp-content\/uploads\/2014\/02\/kristin-300x300.jpg\" width=\"300\" height=\"300\" \/><\/a>Krist\u00edn Helgad\u00f3ttir er 20 \u00e1ra l\u00ednuma\u00f0ur. \u00a0Krist\u00edn er uppalinn \u00ed FRAM og hefur spila\u00f0 \u00fear allan sinn feril.\u00a0 Krist\u00edn spila\u00f0i 21 leik af 22 \u00ed OL\u00cdS deildinni me\u00f0 FRAM s\u00ed\u00f0ast li\u00f0inn vetur.\u00a0 Krist\u00edn hefur veri\u00f0 \u00ed yngri landsli\u00f0um \u00cdslands undanfarin \u00e1r.<\/p>\n<p>&nbsp;<\/p>\n<p>&nbsp;<\/p>\n<p>&nbsp;<\/p>\n<p>&nbsp;<\/p>\n<p>&nbsp;<\/p>\n<p>&nbsp;<\/p>\n<p>&nbsp;<\/p>\n<p><a href=\"http:\/\/fram.is\/wp-content\/uploads\/2014\/02\/karolina.jpg\"><img decoding=\"async\" class=\"alignright size-medium wp-image-6049\" alt=\"karolina\" src=\"http:\/\/fram.is\/wp-content\/uploads\/2014\/02\/karolina-300x300.jpg\" width=\"300\" height=\"300\" \/><\/a>Kar\u00f3l\u00edna Vilborg Torfad\u00f3ttir er einnig 20 \u00e1ra og spilar sem skytta og mj\u00f6g \u00a0\u00f6flugur varnarma\u00f0ur.\u00a0 Kar\u00f3l\u00edna er uppalinn \u00ed FRAM og hefur spila\u00f0 \u00fear allan sinn feril.\u00a0 Kar\u00f3l\u00edna spila\u00f0i 20 leiki af 22 \u00ed OL\u00cdS deildinni me\u00f0 FRAM s\u00ed\u00f0ast li\u00f0inn vetur.\u00a0 Kar\u00f3l\u00edna hefur veri\u00f0 \u00ed yngri landsli\u00f0um \u00cdslands undanfarin \u00e1r.<\/p>\n<p>&nbsp;<\/p>\n<p>&nbsp;<\/p>\n<p>&nbsp;<\/p>\n<p>&nbsp;<\/p>\n<p>&nbsp;<\/p>\n<p>Handknattleiksdeild FRAM er mj\u00f6g \u00e1n\u00e6g\u00f0 me\u00f0 a\u00f0 geta haldi\u00f0 \u00e1fram a\u00f0 byggja \u00e1 upp\u00f6ldum leikm\u00f6nnum f\u00e9lagsins og haldi\u00f0 \u00e1fram \u00fev\u00ed uppbyggingar starfi sem fram hefur fari\u00f0 \u00fear undanfarin \u00e1r. \u00dea\u00f0 er \u00fev\u00ed mj\u00f6g \u00e1n\u00e6gjulegt fyrir FRAM a\u00f0 \u00a0hafa tryggt s\u00e9r starfskrafta \u00feessara tveggja\u00a0 ungu og efnilegu leikmanna n\u00e6stu tv\u00f6 \u00e1rin.<\/p>\n<p>Handknattleiksdeild FRAM<\/p>\n<p>&nbsp;<\/p>","protected":false},"excerpt":{"rendered":"<p>Handknattleiksdeild FRAM hefur gengi\u00f0 fr\u00e1 n\u00fdjum samningum vi\u00f0 tvo af yngri leikm\u00f6nnum s\u00ednum.\u00a0 \u00deetta eru \u00fe\u00e6r Krist\u00edn Helgad\u00f3ttir og Kar\u00f3l\u00edna Vilborg Torfad\u00f3ttir. Krist\u00edn Helgad\u00f3ttir er 20 \u00e1ra l\u00ednuma\u00f0ur. \u00a0Krist\u00edn er [&hellip;]<\/p>","protected":false},"author":4,"featured_media":5873,"comment_status":"open","ping_status":"open","sticky":false,"template":"","format":"standard","meta":{"_monsterinsights_skip_tracking":false,"_monsterinsights_sitenote_active":false,"_monsterinsights_sitenote_note":"","_monsterinsights_sitenote_category":0,"_jetpack_memberships_contains_paid_content":false,"footnotes":""},"categories":[6,15],"tags":[],"class_list":["post-7940","post","type-post","status-publish","format-standard","has-post-thumbnail","hentry","category-handbolti","category-mfl-kvenna"],"jetpack_sharing_enabled":true,"jetpack_featured_media_url":"https:\/\/fram.is\/wp-content\/uploads\/2014\/02\/Mfl.kv_.-2013-2014.jpg","_links":{"self":[{"href":"https:\/\/fram.is\/is\/wp-json\/wp\/v2\/posts\/7940","targetHints":{"allow":["GET"]}}],"collection":[{"href":"https:\/\/fram.is\/is\/wp-json\/wp\/v2\/posts"}],"about":[{"href":"https:\/\/fram.is\/is\/wp-json\/wp\/v2\/types\/post"}],"author":[{"embeddable":true,"href":"https:\/\/fram.is\/is\/wp-json\/wp\/v2\/users\/4"}],"replies":[{"embeddable":true,"href":"https:\/\/fram.is\/is\/wp-json\/wp\/v2\/comments?post=7940"}],"version-history":[{"count":0,"href":"https:\/\/fram.is\/is\/wp-json\/wp\/v2\/posts\/7940\/revisions"}],"wp:featuredmedia":[{"embeddable":true,"href":"https:\/\/fram.is\/is\/wp-json\/wp\/v2\/media\/5873"}],"wp:attachment":[{"href":"https:\/\/fram.is\/is\/wp-json\/wp\/v2\/media?parent=7940"}],"wp:term":[{"taxonomy":"category","embeddable":true,"href":"https:\/\/fram.is\/is\/wp-json\/wp\/v2\/categories?post=7940"},{"taxonomy":"post_tag","embeddable":true,"href":"https:\/\/fram.is\/is\/wp-json\/wp\/v2\/tags?post=7940"}],"curies":[{"name":"wp","href":"https:\/\/api.w.org\/{rel}","templated":true}]}}