{"id":8064,"date":"2014-08-31T20:57:23","date_gmt":"2014-08-31T20:57:23","guid":{"rendered":"http:\/\/fram.is\/?p=8064"},"modified":"2014-08-31T20:57:23","modified_gmt":"2014-08-31T20:57:23","slug":"gridarlega-mikilvaegur-og-godur-fram-sigur-kvold","status":"publish","type":"post","link":"https:\/\/fram.is\/is\/2014\/08\/31\/gridarlega-mikilvaegur-og-godur-fram-sigur-kvold\/","title":{"rendered":"Gr\u00ed\u00f0arlega mikilv\u00e6gur og g\u00f3\u00f0ur FRAM sigur \u00ed kv\u00f6ld"},"content":{"rendered":"<p><a href=\"http:\/\/fram.is\/wp-content\/uploads\/2014\/07\/21.jpg\"><img fetchpriority=\"high\" decoding=\"async\" class=\"alignright size-medium wp-image-7773\" alt=\"J\u00f3hannes Karl Gu\u00f0j\u00f3nsson\" src=\"http:\/\/fram.is\/wp-content\/uploads\/2014\/07\/21-300x300.jpg\" width=\"300\" height=\"300\" \/><\/a>Vi\u00f0 FRAMarar m\u00e6ttum til Keflav\u00edkur \u00ed rokinu \u00ed kv\u00f6ld, leikurinn var mj\u00f6g mikilv\u00e6gur eins og gefur a\u00f0 skilja enda \u00f6ll sig vel \u00feeginn \u00e1 \u00feessum loka kafla \u00cdslandsm\u00f3tsins.\u00a0 Eins og \u00e1\u00f0ur sag\u00f0i var t\u00f6luvert rok \u00ed Reykjanesb\u00e6, v\u00f6llurinn mj\u00f6g blautur en flottur enda einn flottasti grasv\u00f6llur landsins.<br \/>\nHeimamenn \u00a0voru sterk\u00adari \u00ed fyrri h\u00e1lfleik og settu mark \u00e1 35. m\u00edn\u00ad, \u00feegar H\u00f6r\u00f0ur Sveins\u00adson skora\u00f0i gott mark. Sta\u00f0an \u00ed h\u00e1lfleik 1-0 og vi\u00f0 \u00e1ttu heldur \u00e1 brattan a\u00f0 s\u00e6kja \u00fea\u00f0 ver\u00f0ur a\u00f0 segjast.<br \/>\nVi\u00f0 Fram\u00adar\u00adar h\u00f3fum s\u00ed\u00f0ari h\u00e1lfleik\u00adinn af krafti og j\u00f6fnu\u00f0um leikinn strax \u00e1 50 m\u00edn me\u00f0 marki fr\u00e1 \u00a0Haf\u00adsteini Briem sem kom inn \u00e1 \u00ed h\u00e1lfleik, stanga\u00f0i kn\u00f6ttinn \u00ed marki\u00f0. \u00dea\u00f0 var svo \u00e1 58 m\u00edn a\u00f0 Aron Bjarna\u00adson skora\u00f0i, \u00a0s\u00e9rlega vel afgreitt hj\u00e1 drengnum. J\u00f3\u00adhann\u00ades Karl Gu\u00f0j\u00f3ns\u00adson setti svo flott mark \u00e1 66 m\u00edn me\u00f0 fr\u00e1\u00adb\u00e6ru skoti \u00far auka\u00adspyrnu af 30 metra f\u00e6ri, \u00fea\u00f0 kom a\u00f0 \u00fev\u00ed a\u00f0 drengurinn setti fyrir okkur mark \u00a0me\u00f0 s\u00ednum margfr\u00e6ga spyrnuf\u00e6ti og sta\u00f0an or\u00f0inn 1-3. Gu\u00f0mund\u00adur Steinn Haf\u00adsteins\u00adson b\u00e6tti svo fj\u00f3r\u00f0a mark\u00adinu vi\u00f0\u00a0 \u00e1 85 m\u00edn\u00ad og leikurinn \u00fear me\u00f0 b\u00fainn. H\u00f6r\u00f0ur Sveins\u00adson minnka\u00f0i a\u00f0 v\u00edsu mun\u00adinn fyr\u00adir Kefla\u00adv\u00edk og lokat\u00f6lur \u00ed kv\u00f6ld, g\u00f3\u00f0ur\u00a0 2-4 sigur FRAM.\u00a0 Vel gert drengir !\u00a0 N\u00fa er bara a\u00f0 nota fr\u00ed\u00f0 vel og b\u00faa sig undir n\u00e6sta leik sem er n\u00e6st s\u00ed\u00f0asti heimaleikur okkar \u00feetta \u00e1ri\u00f0 gegn Fj\u00f6lni \u00e1 Laugardalsvelli 15. sept.<\/p>\n<p>\u00c1FRAM FRAM<\/p>","protected":false},"excerpt":{"rendered":"<p>Vi\u00f0 FRAMarar m\u00e6ttum til Keflav\u00edkur \u00ed rokinu \u00ed kv\u00f6ld, leikurinn var mj\u00f6g mikilv\u00e6gur eins og gefur a\u00f0 skilja enda \u00f6ll sig vel \u00feeginn \u00e1 \u00feessum loka kafla \u00cdslandsm\u00f3tsins.\u00a0 Eins og [&hellip;]<\/p>","protected":false},"author":4,"featured_media":7650,"comment_status":"open","ping_status":"open","sticky":false,"template":"","format":"standard","meta":{"_monsterinsights_skip_tracking":false,"_monsterinsights_sitenote_active":false,"_monsterinsights_sitenote_note":"","_monsterinsights_sitenote_category":0,"_jetpack_memberships_contains_paid_content":false,"footnotes":""},"categories":[11,9],"tags":[],"class_list":["post-8064","post","type-post","status-publish","format-standard","has-post-thumbnail","hentry","category-mflkarla","category-fotbolti"],"jetpack_sharing_enabled":true,"jetpack_featured_media_url":"https:\/\/fram.is\/wp-content\/uploads\/2014\/06\/Hafsteinn-fagnar-vefur-scaled.jpg","_links":{"self":[{"href":"https:\/\/fram.is\/is\/wp-json\/wp\/v2\/posts\/8064","targetHints":{"allow":["GET"]}}],"collection":[{"href":"https:\/\/fram.is\/is\/wp-json\/wp\/v2\/posts"}],"about":[{"href":"https:\/\/fram.is\/is\/wp-json\/wp\/v2\/types\/post"}],"author":[{"embeddable":true,"href":"https:\/\/fram.is\/is\/wp-json\/wp\/v2\/users\/4"}],"replies":[{"embeddable":true,"href":"https:\/\/fram.is\/is\/wp-json\/wp\/v2\/comments?post=8064"}],"version-history":[{"count":0,"href":"https:\/\/fram.is\/is\/wp-json\/wp\/v2\/posts\/8064\/revisions"}],"wp:featuredmedia":[{"embeddable":true,"href":"https:\/\/fram.is\/is\/wp-json\/wp\/v2\/media\/7650"}],"wp:attachment":[{"href":"https:\/\/fram.is\/is\/wp-json\/wp\/v2\/media?parent=8064"}],"wp:term":[{"taxonomy":"category","embeddable":true,"href":"https:\/\/fram.is\/is\/wp-json\/wp\/v2\/categories?post=8064"},{"taxonomy":"post_tag","embeddable":true,"href":"https:\/\/fram.is\/is\/wp-json\/wp\/v2\/tags?post=8064"}],"curies":[{"name":"wp","href":"https:\/\/api.w.org\/{rel}","templated":true}]}}