{"id":8233,"date":"2014-09-15T12:38:18","date_gmt":"2014-09-15T12:38:18","guid":{"rendered":"http:\/\/fram.is\/?p=8233"},"modified":"2014-09-15T12:38:18","modified_gmt":"2014-09-15T12:38:18","slug":"2-fl-ka-tryggdi-ser-saeti-deild-ad-ari","status":"publish","type":"post","link":"https:\/\/fram.is\/is\/2014\/09\/15\/2-fl-ka-tryggdi-ser-saeti-deild-ad-ari\/","title":{"rendered":"2. fl.ka. trygg\u00f0i s\u00e9r s\u00e6ti \u00ed A deild a\u00f0 \u00e1ri."},"content":{"rendered":"<p><a href=\"http:\/\/fram.is\/wp-content\/uploads\/2014\/09\/2.-fl.ka_.-2014.jpg\"><img fetchpriority=\"high\" decoding=\"async\" class=\"alignright size-large wp-image-8234\" alt=\"2. fl.ka. 2014\" src=\"http:\/\/fram.is\/wp-content\/uploads\/2014\/09\/2.-fl.ka_.-2014-1024x576.jpg\" width=\"460\" height=\"258\" \/><\/a>\u00cd g\u00e6r trygg\u00f0i 2. fl kk. s\u00e9r s\u00e6ti \u00ed A deild, deild hinna bestu fyrir \u00e1ri\u00f0 2015. Me\u00f0 \u00fevi a\u00f0 sigra li\u00f0 Keflav\u00edkur me\u00f0 tveimur m\u00f6rkum gegn engu \u00ed Keflav\u00edk.\u00a0 Li\u00f0in endu\u00f0u \u00fear me\u00f0 me\u00f0 sama stigafj\u00f6lda 37 stig en Keflavik me\u00f0 2 m\u00f6rk \u00ed pl\u00fas \u00e1 Fram \u00feannig a\u00f0 Fram f\u00e9kk silfur pening en voru gr\u00e1tlega n\u00e1l\u00e6gt \u00fevi a\u00f0 hampa bikarnum. Fr\u00e1b\u00e6r frammista\u00f0a drengjanna \u00ed \u00a0g\u00e6r k\u00f3r\u00f3na\u00f0i fr\u00e1b\u00e6rt sumar en flokkurinn var\u00f0 einnig Reykavikurmeistari \u00a0i byrjum sumars.<\/p>\n<p>Flokkurinn l\u00e9k samtals : 29 m\u00f3taleiki \u00a0vann 17, \u00a0ger\u00f0i 7 jafntefli \u00a0og tapa\u00f0i 5 leikjum.\u00a0 A\u00f0 auki voru drengirnir mj\u00f6g duglegir a\u00f0 d\u00e6ma hj\u00e1 yngri flokkum f\u00e9lagsins sem og a\u00f0 sinna g\u00e6slu \u00e1 \u00a0heimaleikjum MFL KK. \u00cd \u00deessum flokki eru fyrsti \u00e1rgangurinn sem h\u00f3f a\u00f0 \u00e6fa f\u00f3tbolta \u00a0undir merkjum FRAM \u00ed Grafarholti og hefur fari\u00f0 \u00ed gegnum barna og unglingastarf f\u00e9lagsins , og \u00feeir eru bara \u00feeir fyrstu af m\u00f6rgum.<\/p>\n<p>\u00dej\u00e1lfarar flokksins eri \u00feeir Haukur Hilmarsson og A\u00f0alsteinn A\u00f0alsteinsson.<\/p>\n<p>&nbsp;<\/p>","protected":false},"excerpt":{"rendered":"<p>\u00cd g\u00e6r trygg\u00f0i 2. fl kk. s\u00e9r s\u00e6ti \u00ed A deild, deild hinna bestu fyrir \u00e1ri\u00f0 2015. Me\u00f0 \u00fevi a\u00f0 sigra li\u00f0 Keflav\u00edkur me\u00f0 tveimur m\u00f6rkum gegn engu \u00ed Keflav\u00edk.\u00a0 [&hellip;]<\/p>","protected":false},"author":4,"featured_media":8235,"comment_status":"open","ping_status":"open","sticky":false,"template":"","format":"standard","meta":{"_monsterinsights_skip_tracking":false,"_monsterinsights_sitenote_active":false,"_monsterinsights_sitenote_note":"","_monsterinsights_sitenote_category":0,"_jetpack_memberships_contains_paid_content":false,"footnotes":""},"categories":[9,13],"tags":[],"class_list":["post-8233","post","type-post","status-publish","format-standard","has-post-thumbnail","hentry","category-fotbolti","category-yngriflokkar"],"jetpack_sharing_enabled":true,"jetpack_featured_media_url":"https:\/\/fram.is\/wp-content\/uploads\/2014\/09\/2.fl_.ka_-scaled.jpg","_links":{"self":[{"href":"https:\/\/fram.is\/is\/wp-json\/wp\/v2\/posts\/8233","targetHints":{"allow":["GET"]}}],"collection":[{"href":"https:\/\/fram.is\/is\/wp-json\/wp\/v2\/posts"}],"about":[{"href":"https:\/\/fram.is\/is\/wp-json\/wp\/v2\/types\/post"}],"author":[{"embeddable":true,"href":"https:\/\/fram.is\/is\/wp-json\/wp\/v2\/users\/4"}],"replies":[{"embeddable":true,"href":"https:\/\/fram.is\/is\/wp-json\/wp\/v2\/comments?post=8233"}],"version-history":[{"count":0,"href":"https:\/\/fram.is\/is\/wp-json\/wp\/v2\/posts\/8233\/revisions"}],"wp:featuredmedia":[{"embeddable":true,"href":"https:\/\/fram.is\/is\/wp-json\/wp\/v2\/media\/8235"}],"wp:attachment":[{"href":"https:\/\/fram.is\/is\/wp-json\/wp\/v2\/media?parent=8233"}],"wp:term":[{"taxonomy":"category","embeddable":true,"href":"https:\/\/fram.is\/is\/wp-json\/wp\/v2\/categories?post=8233"},{"taxonomy":"post_tag","embeddable":true,"href":"https:\/\/fram.is\/is\/wp-json\/wp\/v2\/tags?post=8233"}],"curies":[{"name":"wp","href":"https:\/\/api.w.org\/{rel}","templated":true}]}}