{"id":824,"date":"2012-11-23T11:16:48","date_gmt":"2012-11-23T11:16:48","guid":{"rendered":"http:\/\/fram.is\/?p=824"},"modified":"2012-11-23T11:16:48","modified_gmt":"2012-11-23T11:16:48","slug":"824","status":"publish","type":"post","link":"https:\/\/fram.is\/is\/2012\/11\/23\/824\/","title":{"rendered":"\u00c6fingaleikur: Jafntefli \u00e1 m\u00f3ti KR"},"content":{"rendered":"<p>Undirbuningst\u00edmabili\u00f0 er fari\u00f0 \u00e1 full hj\u00e1 meistaraflokkunum \u00ed knattspyrnu. Meistaraflokkur kvenna spila\u00f0i sinn fyrsta \u00e6fingaleik \u00e1 t\u00edmabilinu og m\u00e6tti \u00fear li\u00f0i KR sem fell s\u00ed\u00f0astli\u00f0i\u00f0 sumar \u00far PEPSI deild kvenna.<\/p>\n<p>T\u00f6luver\u00f0 v\u00f6ntun var \u00ed h\u00f3pinn hj\u00e1 stelpunum okkar, vanta\u00f0i \u00fear me\u00f0al annars besta leikmann s\u00ed\u00f0asta sumars J\u00f3nu \u00d3lafs og fyrirli\u00f0ann El\u00edsabetu S\u00f6ru en leikurinn enda\u00f0i me\u00f0 markalausu jafntefli. \u00deess m\u00e1 geta a\u00f0 \u00feetta var fyrsti leikur milli \u00feessara s\u00f6gufr\u00e6gu li\u00f0a \u00ed meistaraflokki kvenna s\u00ed\u00f0an meistaraflokkurinn var endurvakinn hj\u00e1 FRAM fyrir hartn\u00e6r \u00feremur \u00e1rum.<\/p>","protected":false},"excerpt":{"rendered":"<p>Undirbuningst\u00edmabili\u00f0 er fari\u00f0 \u00e1 full hj\u00e1 meistaraflokkunum \u00ed knattspyrnu. Meistaraflokkur kvenna spila\u00f0i sinn fyrsta \u00e6fingaleik \u00e1 t\u00edmabilinu og m\u00e6tti \u00fear li\u00f0i KR sem fell s\u00ed\u00f0astli\u00f0i\u00f0 sumar \u00far PEPSI deild kvenna. [&hellip;]<\/p>","protected":false},"author":3,"featured_media":1289,"comment_status":"open","ping_status":"open","sticky":false,"template":"","format":"standard","meta":{"_monsterinsights_skip_tracking":false,"_monsterinsights_sitenote_active":false,"_monsterinsights_sitenote_note":"","_monsterinsights_sitenote_category":0,"_jetpack_memberships_contains_paid_content":false,"footnotes":""},"categories":[12,9],"tags":[],"class_list":["post-824","post","type-post","status-publish","format-standard","has-post-thumbnail","hentry","category-mflkvenna","category-fotbolti"],"jetpack_sharing_enabled":true,"jetpack_featured_media_url":"https:\/\/fram.is\/wp-content\/uploads\/2012\/11\/Sara-Lissy-FRAM-\u00der\u00f3ttur-R.jpg","_links":{"self":[{"href":"https:\/\/fram.is\/is\/wp-json\/wp\/v2\/posts\/824","targetHints":{"allow":["GET"]}}],"collection":[{"href":"https:\/\/fram.is\/is\/wp-json\/wp\/v2\/posts"}],"about":[{"href":"https:\/\/fram.is\/is\/wp-json\/wp\/v2\/types\/post"}],"author":[{"embeddable":true,"href":"https:\/\/fram.is\/is\/wp-json\/wp\/v2\/users\/3"}],"replies":[{"embeddable":true,"href":"https:\/\/fram.is\/is\/wp-json\/wp\/v2\/comments?post=824"}],"version-history":[{"count":0,"href":"https:\/\/fram.is\/is\/wp-json\/wp\/v2\/posts\/824\/revisions"}],"wp:featuredmedia":[{"embeddable":true,"href":"https:\/\/fram.is\/is\/wp-json\/wp\/v2\/media\/1289"}],"wp:attachment":[{"href":"https:\/\/fram.is\/is\/wp-json\/wp\/v2\/media?parent=824"}],"wp:term":[{"taxonomy":"category","embeddable":true,"href":"https:\/\/fram.is\/is\/wp-json\/wp\/v2\/categories?post=824"},{"taxonomy":"post_tag","embeddable":true,"href":"https:\/\/fram.is\/is\/wp-json\/wp\/v2\/tags?post=824"}],"curies":[{"name":"wp","href":"https:\/\/api.w.org\/{rel}","templated":true}]}}