{"id":8308,"date":"2014-09-23T10:04:50","date_gmt":"2014-09-23T10:04:50","guid":{"rendered":"http:\/\/fram.is\/?p=8308"},"modified":"2014-09-23T10:04:50","modified_gmt":"2014-09-23T10:04:50","slug":"happadraetti-mfl-ka-handbolta-draetti-frestad-til-29-sept","status":"publish","type":"post","link":"https:\/\/fram.is\/is\/2014\/09\/23\/happadraetti-mfl-ka-handbolta-draetti-frestad-til-29-sept\/","title":{"rendered":"Happadr\u00e6tti mfl.ka. \u00ed Handbolta, dr\u00e6tti fresta\u00f0 til 29. sept."},"content":{"rendered":"<p><a href=\"http:\/\/fram.is\/wp-content\/uploads\/2014\/09\/Gar\u00f0ar-\u00e1-l\u00ednunni-FH.jpg\"><img fetchpriority=\"high\" decoding=\"async\" class=\"alignright size-medium wp-image-8310\" alt=\"Gar\u00f0ar \u00e1 l\u00ednunni FH\" src=\"http:\/\/fram.is\/wp-content\/uploads\/2014\/09\/Gar\u00f0ar-\u00e1-l\u00ednunni-FH-300x300.jpg\" width=\"300\" height=\"300\" \/><\/a>B\u00fai\u00f0 er a\u00f0 fresta dr\u00e6tti \u00ed happadr\u00e6tti mfl.ka. \u00ed handbolta um eina viku e\u00f0a til 29. sept.<br \/>\n\u00dev\u00ed er enn h\u00e6gt a\u00f0 kaupa mi\u00f0a og sty\u00f0ja drengina okkar.<br \/>\nEndilega \u00a0kaupi\u00f0 mi\u00f0a. \u00a0A\u00f0eins dregi\u00f0 \u00far seldum mi\u00f0um.<\/p>\n<p>\u00c1FRAM FRAM<\/p>","protected":false},"excerpt":{"rendered":"<p>B\u00fai\u00f0 er a\u00f0 fresta dr\u00e6tti \u00ed happadr\u00e6tti mfl.ka. \u00ed handbolta um eina viku e\u00f0a til 29. sept. \u00dev\u00ed er enn h\u00e6gt a\u00f0 kaupa mi\u00f0a og sty\u00f0ja drengina okkar. Endilega \u00a0kaupi\u00f0 [&hellip;]<\/p>","protected":false},"author":4,"featured_media":8311,"comment_status":"open","ping_status":"open","sticky":false,"template":"","format":"standard","meta":{"_monsterinsights_skip_tracking":false,"_monsterinsights_sitenote_active":false,"_monsterinsights_sitenote_note":"","_monsterinsights_sitenote_category":0,"_jetpack_memberships_contains_paid_content":false,"footnotes":""},"categories":[6,19],"tags":[],"class_list":["post-8308","post","type-post","status-publish","format-standard","has-post-thumbnail","hentry","category-handbolti","category-mfl-karla"],"jetpack_sharing_enabled":true,"jetpack_featured_media_url":"https:\/\/fram.is\/wp-content\/uploads\/2014\/09\/li-f\u00e6r-\u00e1-nefi\u00f0-vefur.jpg","_links":{"self":[{"href":"https:\/\/fram.is\/is\/wp-json\/wp\/v2\/posts\/8308","targetHints":{"allow":["GET"]}}],"collection":[{"href":"https:\/\/fram.is\/is\/wp-json\/wp\/v2\/posts"}],"about":[{"href":"https:\/\/fram.is\/is\/wp-json\/wp\/v2\/types\/post"}],"author":[{"embeddable":true,"href":"https:\/\/fram.is\/is\/wp-json\/wp\/v2\/users\/4"}],"replies":[{"embeddable":true,"href":"https:\/\/fram.is\/is\/wp-json\/wp\/v2\/comments?post=8308"}],"version-history":[{"count":0,"href":"https:\/\/fram.is\/is\/wp-json\/wp\/v2\/posts\/8308\/revisions"}],"wp:featuredmedia":[{"embeddable":true,"href":"https:\/\/fram.is\/is\/wp-json\/wp\/v2\/media\/8311"}],"wp:attachment":[{"href":"https:\/\/fram.is\/is\/wp-json\/wp\/v2\/media?parent=8308"}],"wp:term":[{"taxonomy":"category","embeddable":true,"href":"https:\/\/fram.is\/is\/wp-json\/wp\/v2\/categories?post=8308"},{"taxonomy":"post_tag","embeddable":true,"href":"https:\/\/fram.is\/is\/wp-json\/wp\/v2\/tags?post=8308"}],"curies":[{"name":"wp","href":"https:\/\/api.w.org\/{rel}","templated":true}]}}