{"id":8314,"date":"2014-09-23T10:16:01","date_gmt":"2014-09-23T10:16:01","guid":{"rendered":"http:\/\/fram.is\/?p=8314"},"modified":"2014-09-23T10:16:01","modified_gmt":"2014-09-23T10:16:01","slug":"fram-sigur-akureyri-gaer","status":"publish","type":"post","link":"https:\/\/fram.is\/is\/2014\/09\/23\/fram-sigur-akureyri-gaer\/","title":{"rendered":"FRAM sigur \u00e1 Akureyri \u00ed g\u00e6r."},"content":{"rendered":"<p><a href=\"http:\/\/fram.is\/wp-content\/uploads\/2014\/09\/Ragnhei\u00f0ur-Fylkir.jpg\"><img fetchpriority=\"high\" decoding=\"async\" class=\"alignright size-medium wp-image-8315\" alt=\"Ragnhei\u00f0ur  Fylkir\" src=\"http:\/\/fram.is\/wp-content\/uploads\/2014\/09\/Ragnhei\u00f0ur-Fylkir-300x300.jpg\" width=\"300\" height=\"300\" \/><\/a><\/p>\n<p>Meistaraflokkur kvenna h\u00e9lt nor\u00f0ur \u00e1 Akureyri \u00ed g\u00e6r og l\u00e9k \u00fear vi\u00f0 li\u00f0 KA\/\u00de\u00f3r \u00ed annarri umfer\u00f0 OL\u00cdS deildarinnar.<br \/>\nKA\/\u00de\u00f3r l\u00e9k vi\u00f0 Val \u00ed fyrstu umfer\u00f0inni og tapa\u00f0i \u00fear me\u00f0 fj\u00f3rum m\u00f6rkum.\u00a0 Fram l\u00e9k hins vegar vi\u00f0 Selfoss \u00ed fyrstu umfer\u00f0inni og sigru\u00f0u \u00f6rugglega me\u00f0 t\u00f3lf marka mun.\u00a0 \u00dea\u00f0 hef\u00f0i \u00fev\u00ed m\u00e1tt reikna me\u00f0 au\u00f0veldum leik fyrir Fram.\u00a0 En \u00fea\u00f0 var alls ekki raunin.<br \/>\nFram byrja\u00f0i betur og n\u00e1\u00f0i snemma tveggja til \u00feriggja marka forystu og haf\u00f0i fj\u00f6gur m\u00f6rk yfir 13 \u2013 9 \u00ed h\u00e1lfleik.\u00a0 KA\/\u00de\u00f3r st\u00falkur komu hins vegar mj\u00f6g \u00e1kve\u00f0nar \u00ed seinni h\u00e1lfleik og n\u00e1\u00f0u a\u00f0 minnka muninn \u00ed 16 \u2013 17 um mi\u00f0jan h\u00e1lfleikinn en komust ekki lengra og Fram seig aftur fram \u00far og sigra\u00f0i \u00ed lokin 22 \u2013 19.<br \/>\nAlls ekki g\u00f3\u00f0ur leikur.\u00a0 Varnarleikurinn glopp\u00f3ttur \u00fear sem li\u00f0i\u00f0 h\u00e9lt ekki \u00fat og f\u00e9kk \u00e1 sig m\u00f6rk eftir langar s\u00f3knir KA\/\u00de\u00f3r.\u00a0 \u00dea\u00f0 voru \u00fev\u00ed ekki eins m\u00f6rg m\u00f6rk skoru\u00f0 \u00far hra\u00f0aupphlaupum og hra\u00f0ri mi\u00f0ju og oft hefur veri\u00f0.\u00a0 S\u00f3knarleikurinn heldur ekki g\u00f3\u00f0ur, alltof miki\u00f0 af l\u00e9legum sendingum milli manna og l\u00e9legum skotum \u00far litlum e\u00f0a engum f\u00e6rum.<br \/>\nMarthe og Gu\u00f0r\u00fan \u00de\u00f3ra \u00ed hornunum voru \u00fe\u00f3 nokku\u00f0 lj\u00f3sir punktar \u00ed leiknum.\u00a0 Einnig \u00e1tti Nadia g\u00f3\u00f0an leik \u00ed markinu og var\u00f0i ein 23 skot.<br \/>\nM\u00f6rk FRAM skoru\u00f0u:\u00a0\u00a0\u00a0 Gu\u00f0r\u00fan \u00de\u00f3ra 4, Ragnhei\u00f0ur 4, Marthe 3, Sigurbj\u00f6rg 3, El\u00edsabet 3, Mar\u00eda 3 og Steinunn 2.<\/p>\n<p>\u00dea\u00f0 g\u00f3\u00f0a vi\u00f0 \u00feetta allt er a\u00f0 \u00feessi leikur og fer\u00f0alagi\u00f0 sem \u00fev\u00ed fylgir er b\u00fai\u00f0 og \u00fea\u00f0 fengust tv\u00f6 stig \u00fat \u00far honum. Samt \u00fe\u00f6rf \u00e1minning til leikmanna FRAM, \u00fea\u00f0 \u00fearf a\u00f0 m\u00e6ta af fullum krafti \u00a0\u00ed alla leiki fr\u00e1 fyrstu til s\u00ed\u00f0ustu m\u00edn\u00fatu \u00fear sem annars er h\u00e6tt vi\u00f0 a\u00f0 li\u00f0i\u00f0 f\u00e1 skell einhvernt\u00edma \u00ed vetur.<\/p>\n<p>\u00c1FRAM FRAM<\/p>","protected":false},"excerpt":{"rendered":"<p>Meistaraflokkur kvenna h\u00e9lt nor\u00f0ur \u00e1 Akureyri \u00ed g\u00e6r og l\u00e9k \u00fear vi\u00f0 li\u00f0 KA\/\u00de\u00f3r \u00ed annarri umfer\u00f0 OL\u00cdS deildarinnar. KA\/\u00de\u00f3r l\u00e9k vi\u00f0 Val \u00ed fyrstu umfer\u00f0inni og tapa\u00f0i \u00fear me\u00f0 [&hellip;]<\/p>","protected":false},"author":4,"featured_media":8316,"comment_status":"open","ping_status":"open","sticky":false,"template":"","format":"standard","meta":{"_monsterinsights_skip_tracking":false,"_monsterinsights_sitenote_active":false,"_monsterinsights_sitenote_note":"","_monsterinsights_sitenote_category":0,"_jetpack_memberships_contains_paid_content":false,"footnotes":""},"categories":[6,15,1],"tags":[],"class_list":["post-8314","post","type-post","status-publish","format-standard","has-post-thumbnail","hentry","category-handbolti","category-mfl-kvenna","category-uncategorized"],"jetpack_sharing_enabled":true,"jetpack_featured_media_url":"https:\/\/fram.is\/wp-content\/uploads\/2014\/09\/L\u00edsa-Fylkir-vefur.jpg","_links":{"self":[{"href":"https:\/\/fram.is\/is\/wp-json\/wp\/v2\/posts\/8314","targetHints":{"allow":["GET"]}}],"collection":[{"href":"https:\/\/fram.is\/is\/wp-json\/wp\/v2\/posts"}],"about":[{"href":"https:\/\/fram.is\/is\/wp-json\/wp\/v2\/types\/post"}],"author":[{"embeddable":true,"href":"https:\/\/fram.is\/is\/wp-json\/wp\/v2\/users\/4"}],"replies":[{"embeddable":true,"href":"https:\/\/fram.is\/is\/wp-json\/wp\/v2\/comments?post=8314"}],"version-history":[{"count":0,"href":"https:\/\/fram.is\/is\/wp-json\/wp\/v2\/posts\/8314\/revisions"}],"wp:featuredmedia":[{"embeddable":true,"href":"https:\/\/fram.is\/is\/wp-json\/wp\/v2\/media\/8316"}],"wp:attachment":[{"href":"https:\/\/fram.is\/is\/wp-json\/wp\/v2\/media?parent=8314"}],"wp:term":[{"taxonomy":"category","embeddable":true,"href":"https:\/\/fram.is\/is\/wp-json\/wp\/v2\/categories?post=8314"},{"taxonomy":"post_tag","embeddable":true,"href":"https:\/\/fram.is\/is\/wp-json\/wp\/v2\/tags?post=8314"}],"curies":[{"name":"wp","href":"https:\/\/api.w.org\/{rel}","templated":true}]}}