{"id":8320,"date":"2014-09-23T11:04:43","date_gmt":"2014-09-23T11:04:43","guid":{"rendered":"http:\/\/fram.is\/?p=8320"},"modified":"2014-09-23T11:04:43","modified_gmt":"2014-09-23T11:04:43","slug":"thrir-framarar-u-19-ara-landslidshopi-islands","status":"publish","type":"post","link":"https:\/\/fram.is\/is\/2014\/09\/23\/thrir-framarar-u-19-ara-landslidshopi-islands\/","title":{"rendered":"\u00der\u00edr FRAMarar \u00ed U-19 \u00e1ra landsli\u00f0sh\u00f3pi \u00cdslands"},"content":{"rendered":"<p>Kristinn R\u00fanar J\u00f3nsson \u00fej\u00e1lfari U-19 \u00e1ra landsli\u00f0s \u00cdslands \u00ed knattspyrnu hefur vali\u00f0 25 manna h\u00f3p til \u00e6finga dagana 26.-27. september. \u00a0Vi\u00f0 FRAMarar erum stoltir af \u00fev\u00ed a\u00f0 eiga \u00ferj\u00e1 fulltr\u00faa \u00ed \u00feessum h\u00f3pi:<\/p>\n<p><a href=\"http:\/\/fram.is\/wp-content\/uploads\/2014\/09\/2.fl_.ka_.jpg\"><img decoding=\"async\" class=\"alignright size-medium wp-image-8235\" alt=\"2.fl.ka\" src=\"http:\/\/fram.is\/wp-content\/uploads\/2014\/09\/2.fl_.ka_-300x130.jpg\" width=\"300\" height=\"130\" srcset=\"https:\/\/fram.is\/wp-content\/uploads\/2014\/09\/2.fl_.ka_-300x130.jpg 300w, https:\/\/fram.is\/wp-content\/uploads\/2014\/09\/2.fl_.ka_-scaled-800x348.jpg 800w, https:\/\/fram.is\/wp-content\/uploads\/2014\/09\/2.fl_.ka_-1024x445.jpg 1024w, https:\/\/fram.is\/wp-content\/uploads\/2014\/09\/2.fl_.ka_-768x334.jpg 768w, https:\/\/fram.is\/wp-content\/uploads\/2014\/09\/2.fl_.ka_-1536x668.jpg 1536w, https:\/\/fram.is\/wp-content\/uploads\/2014\/09\/2.fl_.ka_-2048x890.jpg 2048w\" sizes=\"(max-width: 300px) 100vw, 300px\" \/><\/a><\/p>\n<p>Arn\u00f3r Da\u00f0i A\u00f0alsteinsson \u00a0 \u00a0 \u00a0 \u00a0 \u00a0 \u00a0Fram<br \/>\nAron \u00de\u00f3r\u00f0ur Albertsson \u00a0 \u00a0 \u00a0 \u00a0 \u00a0 \u00a0 \u00a0 Fram<br \/>\nH\u00f6r\u00f0ur Fannar Bj\u00f6rgvinsson \u00a0 \u00a0 \u00a0 Fram<\/p>\n<p>Gangi ykkur vel drengir!<\/p>","protected":false},"excerpt":{"rendered":"<p>Kristinn R\u00fanar J\u00f3nsson \u00fej\u00e1lfari U-19 \u00e1ra landsli\u00f0s \u00cdslands \u00ed knattspyrnu hefur vali\u00f0 25 manna h\u00f3p til \u00e6finga dagana 26.-27. september. \u00a0Vi\u00f0 FRAMarar erum stoltir af \u00fev\u00ed a\u00f0 eiga \u00ferj\u00e1 fulltr\u00faa [&hellip;]<\/p>","protected":false},"author":6,"featured_media":8235,"comment_status":"open","ping_status":"open","sticky":false,"template":"","format":"standard","meta":{"_monsterinsights_skip_tracking":false,"_monsterinsights_sitenote_active":false,"_monsterinsights_sitenote_note":"","_monsterinsights_sitenote_category":0,"_jetpack_memberships_contains_paid_content":false,"footnotes":""},"categories":[11,9,13],"tags":[],"class_list":["post-8320","post","type-post","status-publish","format-standard","has-post-thumbnail","hentry","category-mflkarla","category-fotbolti","category-yngriflokkar"],"jetpack_sharing_enabled":true,"jetpack_featured_media_url":"https:\/\/fram.is\/wp-content\/uploads\/2014\/09\/2.fl_.ka_-scaled.jpg","_links":{"self":[{"href":"https:\/\/fram.is\/is\/wp-json\/wp\/v2\/posts\/8320","targetHints":{"allow":["GET"]}}],"collection":[{"href":"https:\/\/fram.is\/is\/wp-json\/wp\/v2\/posts"}],"about":[{"href":"https:\/\/fram.is\/is\/wp-json\/wp\/v2\/types\/post"}],"author":[{"embeddable":true,"href":"https:\/\/fram.is\/is\/wp-json\/wp\/v2\/users\/6"}],"replies":[{"embeddable":true,"href":"https:\/\/fram.is\/is\/wp-json\/wp\/v2\/comments?post=8320"}],"version-history":[{"count":0,"href":"https:\/\/fram.is\/is\/wp-json\/wp\/v2\/posts\/8320\/revisions"}],"wp:featuredmedia":[{"embeddable":true,"href":"https:\/\/fram.is\/is\/wp-json\/wp\/v2\/media\/8235"}],"wp:attachment":[{"href":"https:\/\/fram.is\/is\/wp-json\/wp\/v2\/media?parent=8320"}],"wp:term":[{"taxonomy":"category","embeddable":true,"href":"https:\/\/fram.is\/is\/wp-json\/wp\/v2\/categories?post=8320"},{"taxonomy":"post_tag","embeddable":true,"href":"https:\/\/fram.is\/is\/wp-json\/wp\/v2\/tags?post=8320"}],"curies":[{"name":"wp","href":"https:\/\/api.w.org\/{rel}","templated":true}]}}