{"id":8361,"date":"2014-09-26T10:49:48","date_gmt":"2014-09-26T10:49:48","guid":{"rendered":"http:\/\/fram.is\/?p=8361"},"modified":"2014-09-26T10:49:48","modified_gmt":"2014-09-26T10:49:48","slug":"helgi-gudjonsson-i-urtakshopi-u17","status":"publish","type":"post","link":"https:\/\/fram.is\/is\/2014\/09\/26\/helgi-gudjonsson-i-urtakshopi-u17\/","title":{"rendered":"Helgi Gu\u00f0j\u00f3nsson \u00ed \u00fartaksh\u00f3pi U17"},"content":{"rendered":"<p><a href=\"http:\/\/fram.is\/wp-content\/uploads\/2013\/12\/Borgarfjar\u00f0ar-drengir-2013..jpg\"><img fetchpriority=\"high\" decoding=\"async\" class=\"alignright size-medium wp-image-5187\" src=\"http:\/\/fram.is\/wp-content\/uploads\/2013\/12\/Borgarfjar\u00f0ar-drengir-2013.-300x205.jpg\" alt=\"Borgarfjar\u00f0ar drengir 2013.\" width=\"300\" height=\"205\" \/><\/a>Valinn hefur veri\u00f0 \u00fartaksh\u00f3pur til a\u00f0 taka \u00fe\u00e1tt \u00ed \u00e6fingum vegna U17\u00a0 landsli\u00f0s karla \u00ed f\u00f3tbolta. \u00a0\u00a0\u00c6fingar fara fram helgina 3-5 okt. Vi\u00f0 FRAMarar erum stoltir af \u00fev\u00ed a\u00f0 eiga fulltr\u00faa fr\u00e1 FRAM \u00ed h\u00f3pum og a\u00f0 \u00feessu sinni var Helgi Gu\u00f0j\u00f3nsson FRAM valinn.<\/p>\n<p>Gangi \u00fe\u00e9r vel Helgi.<\/p>\n<p>\u00c1FRAM FRAM<\/p>","protected":false},"excerpt":{"rendered":"<p>Valinn hefur veri\u00f0 \u00fartaksh\u00f3pur til a\u00f0 taka \u00fe\u00e1tt \u00ed \u00e6fingum vegna U17\u00a0 landsli\u00f0s karla \u00ed f\u00f3tbolta. \u00a0\u00a0\u00c6fingar fara fram helgina 3-5 okt. Vi\u00f0 FRAMarar erum stoltir af \u00fev\u00ed a\u00f0 eiga [&hellip;]<\/p>","protected":false},"author":4,"featured_media":8362,"comment_status":"open","ping_status":"open","sticky":false,"template":"","format":"standard","meta":{"_monsterinsights_skip_tracking":false,"_monsterinsights_sitenote_active":false,"_monsterinsights_sitenote_note":"","_monsterinsights_sitenote_category":0,"_jetpack_memberships_contains_paid_content":false,"footnotes":""},"categories":[13,9],"tags":[],"class_list":["post-8361","post","type-post","status-publish","format-standard","has-post-thumbnail","hentry","category-yngriflokkar","category-fotbolti"],"jetpack_sharing_enabled":true,"jetpack_featured_media_url":"https:\/\/fram.is\/wp-content\/uploads\/2014\/09\/Helgi-Gu\u00f0j\u00f3nsson-KS\u00cd-vefur.jpg","_links":{"self":[{"href":"https:\/\/fram.is\/is\/wp-json\/wp\/v2\/posts\/8361","targetHints":{"allow":["GET"]}}],"collection":[{"href":"https:\/\/fram.is\/is\/wp-json\/wp\/v2\/posts"}],"about":[{"href":"https:\/\/fram.is\/is\/wp-json\/wp\/v2\/types\/post"}],"author":[{"embeddable":true,"href":"https:\/\/fram.is\/is\/wp-json\/wp\/v2\/users\/4"}],"replies":[{"embeddable":true,"href":"https:\/\/fram.is\/is\/wp-json\/wp\/v2\/comments?post=8361"}],"version-history":[{"count":0,"href":"https:\/\/fram.is\/is\/wp-json\/wp\/v2\/posts\/8361\/revisions"}],"wp:featuredmedia":[{"embeddable":true,"href":"https:\/\/fram.is\/is\/wp-json\/wp\/v2\/media\/8362"}],"wp:attachment":[{"href":"https:\/\/fram.is\/is\/wp-json\/wp\/v2\/media?parent=8361"}],"wp:term":[{"taxonomy":"category","embeddable":true,"href":"https:\/\/fram.is\/is\/wp-json\/wp\/v2\/categories?post=8361"},{"taxonomy":"post_tag","embeddable":true,"href":"https:\/\/fram.is\/is\/wp-json\/wp\/v2\/tags?post=8361"}],"curies":[{"name":"wp","href":"https:\/\/api.w.org\/{rel}","templated":true}]}}