{"id":8446,"date":"2014-10-05T00:04:43","date_gmt":"2014-10-05T00:04:43","guid":{"rendered":"http:\/\/fram.is\/?p=8446"},"modified":"2014-10-05T00:04:43","modified_gmt":"2014-10-05T00:04:43","slug":"orri-gunnarsson-og-bryndis-maria-best-a-lokahofi-fram","status":"publish","type":"post","link":"https:\/\/fram.is\/is\/2014\/10\/05\/orri-gunnarsson-og-bryndis-maria-best-a-lokahofi-fram\/","title":{"rendered":"Orri Gunnarsson og Brynd\u00eds Mar\u00eda best \u00e1 lokah\u00f3fi FRAM"},"content":{"rendered":"<p><a href=\"http:\/\/fram.is\/wp-content\/uploads\/2014\/10\/Orri-Gunnars.jpg\"><img fetchpriority=\"high\" decoding=\"async\" class=\"alignright size-medium wp-image-8447\" src=\"http:\/\/fram.is\/wp-content\/uploads\/2014\/10\/Orri-Gunnars-300x300.jpg\" alt=\"Orri Gunnars\" width=\"300\" height=\"300\" \/><\/a><a href=\"http:\/\/fram.is\/wp-content\/uploads\/2014\/10\/IMG_1886.jpg\"><img decoding=\"async\" class=\"alignright size-medium wp-image-8448\" src=\"http:\/\/fram.is\/wp-content\/uploads\/2014\/10\/IMG_1886-300x200.jpg\" alt=\"IMG_1886\" width=\"300\" height=\"200\" \/><\/a>Lokah\u00f3f Knattspyrnudeildar FRAM var haldi\u00f0 \u00ed \u00ed\u00fer\u00f3ttah\u00fasi FRAM \u00ed kv\u00f6ld. Eins og venjulega voru veittar vi\u00f0urkenningar \u00feeim til handa sem \u00fe\u00f3ttu standa sig best \u00ed sumar.\u00a0 \u00deau sem \u00fe\u00f3ttu standa sig best voru:<\/p>\n<p>Meistaraflokkur karla:<br \/>\nBesti leikma\u00f0ur \u00a0 \u00a0 \u00a0 \u00a0 \u00a0 \u00a0 \u00a0 \u00a0 \u00a0 \u00a0 \u00a0 \u00a0 \u00a0 \u00a0 \u00a0Orri Gunnarsson<br \/>\nEfnilegasti leikma\u00f0ur\u00a0\u00a0\u00a0\u00a0 \u00a0\u00a0\u00a0\u00a0\u00a0\u00a0\u00a0\u00a0\u00a0\u00a0\u00a0\u00a0\u00a0\u00a0\u00a0 Aron Bjarnason<br \/>\nMarkah\u00e6stur \u00a0 \u00a0 \u00a0 \u00a0 \u00a0 \u00a0 \u00a0 \u00a0 \u00a0 \u00a0 \u00a0 \u00a0 \u00a0 \u00a0 \u00a0 \u00a0 \u00a0Arn\u00fe\u00f3r Ari Atlason<\/p>\n<p>Meistaraflokkur kvenna:<br \/>\nBesti leikma\u00f0ur \u00a0\u00a0\u00a0\u00a0\u00a0\u00a0\u00a0\u00a0\u00a0\u00a0\u00a0\u00a0\u00a0\u00a0\u00a0\u00a0\u00a0\u00a0\u00a0\u00a0\u00a0\u00a0\u00a0\u00a0\u00a0\u00a0\u00a0\u00a0\u00a0 Brynd\u00eds Mar\u00eda Theod\u00f3rsd\u00f3ttir<br \/>\nEfnilegasti leikma\u00f0ur \u00a0 \u00a0 \u00a0 \u00a0 \u00a0 \u00a0 \u00a0 \u00a0 \u00a0 \u00a0 \u00a0Tinna Bj\u00f6rk Birgisd\u00f3ttir<br \/>\nMarkah\u00e6st \u00a0 \u00a0 \u00a0 \u00a0 \u00a0 \u00a0 \u00a0 \u00a0 \u00a0 \u00a0 \u00a0 \u00a0 \u00a0 \u00a0 \u00a0 \u00a0 \u00a0 \u00a0 \u00a0Dagmar M\u00fdrdal<\/p>\n<p>2.fl.ka:<br \/>\nBesti leikma\u00f0ur \u00a0 \u00a0 \u00a0 \u00a0 \u00a0 \u00a0 \u00a0 \u00a0 \u00a0 \u00a0 \u00a0 \u00a0 \u00a0 \u00a0 \u00a0 \u00a0Sigur\u00f0ur \u00der\u00e1inn Geirsson<br \/>\nEfnilegasti leikma\u00f0ur \u00a0 \u00a0 \u00a0 \u00a0 \u00a0 \u00a0 \u00a0 \u00a0 \u00a0 \u00a0 \u00a0 Arn\u00f3r Da\u00f0i A\u00f0alsteinsson<br \/>\nMarkah\u00e6stur \u00a0\u00a0\u00a0\u00a0\u00a0\u00a0\u00a0\u00a0\u00a0\u00a0\u00a0\u00a0\u00a0\u00a0\u00a0\u00a0\u00a0\u00a0\u00a0\u00a0\u00a0\u00a0\u00a0\u00a0\u00a0\u00a0\u00a0\u00a0\u00a0\u00a0\u00a0\u00a0\u00a0 Alexander M\u00e1r \u00deorl\u00e1ksson<\/p>\n<p>&nbsp;<\/p>\n<p>Knattspyrudeild FRAM \u00f3skar ykkur \u00f6llum til hamingju me\u00f0 frammist\u00f6\u00f0una og \u00a0\u00feakkar stu\u00f0ninginn \u00ed sumar.<\/p>\n<p>\u00c1FRAM FRAM<\/p>","protected":false},"excerpt":{"rendered":"<p>Lokah\u00f3f Knattspyrnudeildar FRAM var haldi\u00f0 \u00ed \u00ed\u00fer\u00f3ttah\u00fasi FRAM \u00ed kv\u00f6ld. Eins og venjulega voru veittar vi\u00f0urkenningar \u00feeim til handa sem \u00fe\u00f3ttu standa sig best \u00ed sumar.\u00a0 \u00deau sem \u00fe\u00f3ttu standa [&hellip;]<\/p>","protected":false},"author":4,"featured_media":8449,"comment_status":"open","ping_status":"open","sticky":false,"template":"","format":"standard","meta":{"_monsterinsights_skip_tracking":false,"_monsterinsights_sitenote_active":false,"_monsterinsights_sitenote_note":"","_monsterinsights_sitenote_category":0,"_jetpack_memberships_contains_paid_content":false,"footnotes":""},"categories":[11,12,9,13],"tags":[],"class_list":["post-8446","post","type-post","status-publish","format-standard","has-post-thumbnail","hentry","category-mflkarla","category-mflkvenna","category-fotbolti","category-yngriflokkar"],"jetpack_sharing_enabled":true,"jetpack_featured_media_url":"https:\/\/fram.is\/wp-content\/uploads\/2014\/10\/Verlaunahafar-mfl.ka_.-scaled.jpg","_links":{"self":[{"href":"https:\/\/fram.is\/is\/wp-json\/wp\/v2\/posts\/8446","targetHints":{"allow":["GET"]}}],"collection":[{"href":"https:\/\/fram.is\/is\/wp-json\/wp\/v2\/posts"}],"about":[{"href":"https:\/\/fram.is\/is\/wp-json\/wp\/v2\/types\/post"}],"author":[{"embeddable":true,"href":"https:\/\/fram.is\/is\/wp-json\/wp\/v2\/users\/4"}],"replies":[{"embeddable":true,"href":"https:\/\/fram.is\/is\/wp-json\/wp\/v2\/comments?post=8446"}],"version-history":[{"count":0,"href":"https:\/\/fram.is\/is\/wp-json\/wp\/v2\/posts\/8446\/revisions"}],"wp:featuredmedia":[{"embeddable":true,"href":"https:\/\/fram.is\/is\/wp-json\/wp\/v2\/media\/8449"}],"wp:attachment":[{"href":"https:\/\/fram.is\/is\/wp-json\/wp\/v2\/media?parent=8446"}],"wp:term":[{"taxonomy":"category","embeddable":true,"href":"https:\/\/fram.is\/is\/wp-json\/wp\/v2\/categories?post=8446"},{"taxonomy":"post_tag","embeddable":true,"href":"https:\/\/fram.is\/is\/wp-json\/wp\/v2\/tags?post=8446"}],"curies":[{"name":"wp","href":"https:\/\/api.w.org\/{rel}","templated":true}]}}