{"id":846,"date":"2012-11-26T16:20:14","date_gmt":"2012-11-26T16:20:14","guid":{"rendered":"http:\/\/fram.is\/?p=846"},"modified":"2012-11-26T16:20:14","modified_gmt":"2012-11-26T16:20:14","slug":"stella-og-asta-fara-til-serbiu","status":"publish","type":"post","link":"https:\/\/fram.is\/is\/2012\/11\/26\/stella-og-asta-fara-til-serbiu\/","title":{"rendered":"\u00c1sta Birna og Stella fara \u00e1 EM \u00ed Serb\u00edu"},"content":{"rendered":"<p>\u00c1g\u00fast J\u00f3hannsson landsli\u00f0s\u00fej\u00e1lfari kvenna\u00ed handknattleik hefur vali\u00f0 endanlegan 16 manna h\u00f3p sem kemur til me\u00f0 a\u00f0 leika fyrir h\u00f6nd \u00cdslands \u00e1 Em \u00ed Serb\u00edu n\u00fana \u00ed desember.<\/p>\n<p>FRAM \u00e1 \u00fear tvo ver\u00f0uga fulltr\u00faa \u00fe\u00e6r \u00c1stu Birnu Gunnarsd\u00f3ttur og Stellu Sigur\u00f0ard\u00f3ttur.<\/p>\n<p>Handknattleiksdeild FRAM \u00f3skar \u00feeim st\u00f6llum til hamingju me\u00f0 vali\u00f0 og g\u00f3\u00f0s gengis \u00ed komandi verkefnum.<\/p>\n<p>h\u00f3purinn \u00ed heild sinni er eftirfarandi:<\/p>\n<p>Markmenn:<br \/>\nDr\u00f6fn Haraldsd\u00f3ttir FH<br \/>\nGu\u00f0n\u00fd Jenn\u00fd \u00c1smundsd\u00f3ttir  Valur<\/p>\n<p>A\u00f0rir leikmenn:<br \/>\nAnna \u00dars\u00fala Gu\u00f0mundsd\u00f3ttir    Valur<br \/>\nArna Sif P\u00e1lsd\u00f3ttir Aalborg<br \/>\n\u00c1sta Birna Gunnarsd\u00f3ttir  Fram<br \/>\nDagn\u00fd Sk\u00falad\u00f3ttir Valur<br \/>\nHanna Gu\u00f0r\u00fan Stef\u00e1nsd\u00f3ttir Stjarnan<br \/>\nHildur \u00deorgeirsd\u00f3ttir     Blomberg Lippe<br \/>\nHrafnhildur Sk\u00falad\u00f3ttir Valur<br \/>\nJ\u00f3na Margr\u00e9t Ragnarsd\u00f3ttir Stjarnan<br \/>\nKaren Kn\u00fatsd\u00f3ttir Blomberg Lippe<br \/>\nRakel D\u00f6gg Bragad\u00f3ttir Stjarnan<br \/>\nRamune Pekerskyte Levanger HK<br \/>\nStella Sigur\u00f0ard\u00f3ttir    Fram<br \/>\nRut J\u00f3nsd\u00f3ttir     Tvis Holstebro<br \/>\n\u00de\u00f3rey R\u00f3sa Stef\u00e1nsd\u00f3ttir    Tvis Holstebro<\/p>","protected":false},"excerpt":{"rendered":"<p>\u00c1g\u00fast J\u00f3hannsson landsli\u00f0s\u00fej\u00e1lfari kvenna\u00ed handknattleik hefur vali\u00f0 endanlegan 16 manna h\u00f3p sem kemur til me\u00f0 a\u00f0 leika fyrir h\u00f6nd \u00cdslands \u00e1 Em \u00ed Serb\u00edu n\u00fana \u00ed desember. FRAM \u00e1 \u00fear [&hellip;]<\/p>","protected":false},"author":3,"featured_media":847,"comment_status":"open","ping_status":"open","sticky":false,"template":"","format":"standard","meta":{"_monsterinsights_skip_tracking":false,"_monsterinsights_sitenote_active":false,"_monsterinsights_sitenote_note":"","_monsterinsights_sitenote_category":0,"_jetpack_memberships_contains_paid_content":false,"footnotes":""},"categories":[6,15],"tags":[],"class_list":["post-846","post","type-post","status-publish","format-standard","has-post-thumbnail","hentry","category-handbolti","category-mfl-kvenna"],"jetpack_sharing_enabled":true,"jetpack_featured_media_url":"","_links":{"self":[{"href":"https:\/\/fram.is\/is\/wp-json\/wp\/v2\/posts\/846","targetHints":{"allow":["GET"]}}],"collection":[{"href":"https:\/\/fram.is\/is\/wp-json\/wp\/v2\/posts"}],"about":[{"href":"https:\/\/fram.is\/is\/wp-json\/wp\/v2\/types\/post"}],"author":[{"embeddable":true,"href":"https:\/\/fram.is\/is\/wp-json\/wp\/v2\/users\/3"}],"replies":[{"embeddable":true,"href":"https:\/\/fram.is\/is\/wp-json\/wp\/v2\/comments?post=846"}],"version-history":[{"count":0,"href":"https:\/\/fram.is\/is\/wp-json\/wp\/v2\/posts\/846\/revisions"}],"wp:featuredmedia":[{"embeddable":true,"href":"https:\/\/fram.is\/is\/wp-json\/"}],"wp:attachment":[{"href":"https:\/\/fram.is\/is\/wp-json\/wp\/v2\/media?parent=846"}],"wp:term":[{"taxonomy":"category","embeddable":true,"href":"https:\/\/fram.is\/is\/wp-json\/wp\/v2\/categories?post=846"},{"taxonomy":"post_tag","embeddable":true,"href":"https:\/\/fram.is\/is\/wp-json\/wp\/v2\/tags?post=846"}],"curies":[{"name":"wp","href":"https:\/\/api.w.org\/{rel}","templated":true}]}}