{"id":8465,"date":"2014-10-06T16:45:26","date_gmt":"2014-10-06T16:45:26","guid":{"rendered":"http:\/\/fram.is\/?p=8465"},"modified":"2014-10-06T16:45:26","modified_gmt":"2014-10-06T16:45:26","slug":"3-leikmenn-fra-fram-i-urtakshopi-ksi-u-16","status":"publish","type":"post","link":"https:\/\/fram.is\/is\/2014\/10\/06\/3-leikmenn-fra-fram-i-urtakshopi-ksi-u-16\/","title":{"rendered":"3 leikmenn fr\u00e1 FRAM \u00ed \u00fartaksh\u00f3pi KS\u00cd U-16"},"content":{"rendered":"<p><a href=\"http:\/\/fram.is\/wp-content\/uploads\/2014\/08\/FRAMstr\u00e1kar.jpg\"><img fetchpriority=\"high\" decoding=\"async\" class=\"alignright size-medium wp-image-7915\" src=\"http:\/\/fram.is\/wp-content\/uploads\/2014\/08\/FRAMstr\u00e1kar-300x181.jpg\" alt=\"FRAMstr\u00e1kar\" width=\"300\" height=\"181\" \/><\/a>KS\u00cd hefur vali\u00f0 eftirtalda leikmenn til a\u00f0 taka \u00fe\u00e1tt \u00ed \u00fartaks\u00e6fingum vegna U16 li\u00f0s karla. \u00c6fingarnar fara fram undir stj\u00f3rn \u00deorl\u00e1ks M\u00e1s \u00c1rnasonar og fara \u00e6fingar fram um n\u00e6stu helgi \u00ed K\u00f3rnum.<br \/>\nVi\u00f0 FRAMarar erum stoltir af \u00fev\u00ed a\u00f0 eiga \u00ferj\u00e1 fulltr\u00faa a\u00f0 \u00feessu sinni en \u00feeir eru:<\/p>\n<p>Axel Freyr Har\u00f0arson \u00a0 \u00a0 \u00a0 \u00a0 \u00a0 \u00a0 \u00a0 \u00a0 \u00a0 \u00a0 \u00a0 \u00a0 \u00a0 \u00a0 \u00a0 \u00a0 \u00a0 \u00a0 \u00a0Fram<br \/>\nHelgi Gu\u00f0j\u00f3nsson \u00a0 \u00a0 \u00a0 \u00a0 \u00a0 \u00a0 \u00a0 \u00a0 \u00a0 \u00a0 \u00a0 \u00a0 \u00a0 \u00a0 \u00a0 \u00a0 \u00a0 \u00a0 \u00a0 \u00a0 \u00a0 \u00a0Fram<br \/>\nMagn\u00fas Sn\u00e6r Dagbjartsson \u00a0 \u00a0 \u00a0 \u00a0 \u00a0 \u00a0 \u00a0 \u00a0 \u00a0 \u00a0 \u00a0 \u00a0 \u00a0 Fram<\/p>\n<p>Gangi ykkur vel.<\/p>\n<p>\u00c1FRAM FRAM<\/p>","protected":false},"excerpt":{"rendered":"<p>KS\u00cd hefur vali\u00f0 eftirtalda leikmenn til a\u00f0 taka \u00fe\u00e1tt \u00ed \u00fartaks\u00e6fingum vegna U16 li\u00f0s karla. \u00c6fingarnar fara fram undir stj\u00f3rn \u00deorl\u00e1ks M\u00e1s \u00c1rnasonar og fara \u00e6fingar fram um n\u00e6stu helgi [&hellip;]<\/p>","protected":false},"author":4,"featured_media":8362,"comment_status":"open","ping_status":"open","sticky":false,"template":"","format":"standard","meta":{"_monsterinsights_skip_tracking":false,"_monsterinsights_sitenote_active":false,"_monsterinsights_sitenote_note":"","_monsterinsights_sitenote_category":0,"_jetpack_memberships_contains_paid_content":false,"footnotes":""},"categories":[9,13],"tags":[],"class_list":["post-8465","post","type-post","status-publish","format-standard","has-post-thumbnail","hentry","category-fotbolti","category-yngriflokkar"],"jetpack_sharing_enabled":true,"jetpack_featured_media_url":"https:\/\/fram.is\/wp-content\/uploads\/2014\/09\/Helgi-Gu\u00f0j\u00f3nsson-KS\u00cd-vefur.jpg","_links":{"self":[{"href":"https:\/\/fram.is\/is\/wp-json\/wp\/v2\/posts\/8465","targetHints":{"allow":["GET"]}}],"collection":[{"href":"https:\/\/fram.is\/is\/wp-json\/wp\/v2\/posts"}],"about":[{"href":"https:\/\/fram.is\/is\/wp-json\/wp\/v2\/types\/post"}],"author":[{"embeddable":true,"href":"https:\/\/fram.is\/is\/wp-json\/wp\/v2\/users\/4"}],"replies":[{"embeddable":true,"href":"https:\/\/fram.is\/is\/wp-json\/wp\/v2\/comments?post=8465"}],"version-history":[{"count":0,"href":"https:\/\/fram.is\/is\/wp-json\/wp\/v2\/posts\/8465\/revisions"}],"wp:featuredmedia":[{"embeddable":true,"href":"https:\/\/fram.is\/is\/wp-json\/wp\/v2\/media\/8362"}],"wp:attachment":[{"href":"https:\/\/fram.is\/is\/wp-json\/wp\/v2\/media?parent=8465"}],"wp:term":[{"taxonomy":"category","embeddable":true,"href":"https:\/\/fram.is\/is\/wp-json\/wp\/v2\/categories?post=8465"},{"taxonomy":"post_tag","embeddable":true,"href":"https:\/\/fram.is\/is\/wp-json\/wp\/v2\/tags?post=8465"}],"curies":[{"name":"wp","href":"https:\/\/api.w.org\/{rel}","templated":true}]}}