{"id":851,"date":"2012-11-26T16:48:13","date_gmt":"2012-11-26T16:48:13","guid":{"rendered":"http:\/\/fram.is\/?p=851"},"modified":"2012-11-26T16:48:13","modified_gmt":"2012-11-26T16:48:13","slug":"thrir-fulltruar-fra-fram-a-urtaksaefingum-ksi-um-helgina","status":"publish","type":"post","link":"https:\/\/fram.is\/is\/2012\/11\/26\/thrir-fulltruar-fra-fram-a-urtaksaefingum-ksi-um-helgina\/","title":{"rendered":"\u00der\u00edr fulltr\u00faar fr\u00e1 FRAM \u00e1 \u00fartaks\u00e6fingum KS\u00cd um helgina"},"content":{"rendered":"<p><a href=\"http:\/\/wp.fram.is\/2012\/11\/thrir-fulltruar-fra-fram-a-urtaksaefingum-ksi-um-helgina\/urtak-3\/\" rel=\"attachment wp-att-1281\"><img fetchpriority=\"high\" decoding=\"async\" src=\"http:\/\/wp.fram.is\/wp-content\/uploads\/2012\/11\/\u00dartak-3.jpg\" alt=\"\u00dartak-3\" width=\"640\" height=\"320\" class=\"alignnone size-full wp-image-1281\" \/><\/a><br \/>\nKnattspyrnudeild FRAM \u00e1 \u00ferj\u00e1 fulltr\u00faa \u00e1 \u00fartaks\u00e6fingum KS\u00cd um helgina. \u00deeir Arn\u00f3r D A\u00f0alsteinsson og Andri \u00de S\u00f3lberg hafa veri\u00f0 valdir \u00e1 \u00e6fingar me\u00f0 \u00fartaksh\u00f3pi U17 og Benedikt Okt\u00f3 Bjarnason var valinn til \u00fartaks\u00e6finga me\u00f0 U19 n\u00fana um helgina.<\/p>\n<p>Knattspyrnudeild FRAM \u00f3skar \u00feeim \u00f6llum g\u00f3\u00f0s gengis um helgina.<\/p>","protected":false},"excerpt":{"rendered":"<p>Knattspyrnudeild FRAM \u00e1 \u00ferj\u00e1 fulltr\u00faa \u00e1 \u00fartaks\u00e6fingum KS\u00cd um helgina. \u00deeir Arn\u00f3r D A\u00f0alsteinsson og Andri \u00de S\u00f3lberg hafa veri\u00f0 valdir \u00e1 \u00e6fingar me\u00f0 \u00fartaksh\u00f3pi U17 og Benedikt Okt\u00f3 Bjarnason [&hellip;]<\/p>","protected":false},"author":3,"featured_media":1281,"comment_status":"open","ping_status":"open","sticky":false,"template":"","format":"standard","meta":{"_monsterinsights_skip_tracking":false,"_monsterinsights_sitenote_active":false,"_monsterinsights_sitenote_note":"","_monsterinsights_sitenote_category":0,"_jetpack_memberships_contains_paid_content":false,"footnotes":""},"categories":[9,13],"tags":[],"class_list":["post-851","post","type-post","status-publish","format-standard","has-post-thumbnail","hentry","category-fotbolti","category-yngriflokkar"],"jetpack_sharing_enabled":true,"jetpack_featured_media_url":"https:\/\/fram.is\/wp-content\/uploads\/2012\/11\/rtak-3.jpg","_links":{"self":[{"href":"https:\/\/fram.is\/is\/wp-json\/wp\/v2\/posts\/851","targetHints":{"allow":["GET"]}}],"collection":[{"href":"https:\/\/fram.is\/is\/wp-json\/wp\/v2\/posts"}],"about":[{"href":"https:\/\/fram.is\/is\/wp-json\/wp\/v2\/types\/post"}],"author":[{"embeddable":true,"href":"https:\/\/fram.is\/is\/wp-json\/wp\/v2\/users\/3"}],"replies":[{"embeddable":true,"href":"https:\/\/fram.is\/is\/wp-json\/wp\/v2\/comments?post=851"}],"version-history":[{"count":0,"href":"https:\/\/fram.is\/is\/wp-json\/wp\/v2\/posts\/851\/revisions"}],"wp:featuredmedia":[{"embeddable":true,"href":"https:\/\/fram.is\/is\/wp-json\/wp\/v2\/media\/1281"}],"wp:attachment":[{"href":"https:\/\/fram.is\/is\/wp-json\/wp\/v2\/media?parent=851"}],"wp:term":[{"taxonomy":"category","embeddable":true,"href":"https:\/\/fram.is\/is\/wp-json\/wp\/v2\/categories?post=851"},{"taxonomy":"post_tag","embeddable":true,"href":"https:\/\/fram.is\/is\/wp-json\/wp\/v2\/tags?post=851"}],"curies":[{"name":"wp","href":"https:\/\/api.w.org\/{rel}","templated":true}]}}