{"id":8545,"date":"2014-10-16T22:28:12","date_gmt":"2014-10-16T22:28:12","guid":{"rendered":"http:\/\/fram.is\/?p=8545"},"modified":"2014-10-16T22:28:12","modified_gmt":"2014-10-16T22:28:12","slug":"mikilvaegur-sigur-a-stjornunni-22-23","status":"publish","type":"post","link":"https:\/\/fram.is\/is\/2014\/10\/16\/mikilvaegur-sigur-a-stjornunni-22-23\/","title":{"rendered":"Mikilv\u00e6gur sigur \u00e1 Stj\u00f6rnunni 22 &#8211; 23"},"content":{"rendered":"<p><a href=\"http:\/\/fram.is\/wp-content\/uploads\/2014\/10\/kristinn-B.II-.jpg\"><img fetchpriority=\"high\" decoding=\"async\" class=\"alignright size-medium wp-image-8532\" src=\"http:\/\/fram.is\/wp-content\/uploads\/2014\/10\/kristinn-B.II--300x300.jpg\" alt=\"kristinn B.II\" width=\"300\" height=\"300\" \/><\/a>Str\u00e1karnir okkar \u00ed mfl.ka. h\u00e9ldu \u00ed kv\u00f6ld su\u00f0ur \u00e1 b\u00f3ginn \u00feegar \u00feeir s\u00f3ttu Stj\u00f6rnuna heim \u00ed Gar\u00f0ab\u00e6inn.<br \/>\nVi\u00f0 tj\u00f6ldu\u00f0um n\u00fdjum leikmanni Kristni Bj\u00f6rg\u00falfssyni sem gekk til li\u00f0s vi\u00f0 okkur \u00ed vikunni.\u00a0 \u00c9g er ekki fr\u00e1 \u00fev\u00ed a\u00f0 innkoma Kristins hafi gert g\u00e6fumuninn \u00ed kv\u00f6ld.<br \/>\nFyrri h\u00e1lfleikur byrja\u00f0i eins og venjulega, vi\u00f0 lentum undir strax \u00ed byrjun sem er a\u00f0 ver\u00f0a h\u00e1lf vandr\u00e6\u00f0alegt, sta\u00f0an 4-1 eftir 9 m\u00edn, eitthva\u00f0 sem vi\u00f0 ver\u00f0um a\u00f0 fara a\u00f0 taka \u00e1. \u00a0\u00dea\u00f0 fer miki\u00f0 p\u00fast \u00ed a\u00f0 vinna svona mun upp.\u00a0 Vi\u00f0 n\u00e1\u00f0um svo sm\u00e1tt og sm\u00e1tt a\u00f0 vinna okkur inn \u00ed leikinn me\u00f0 g\u00f3\u00f0ri v\u00f6rn, g\u00f3\u00f0ri markv\u00f6rslu og skyns\u00f6mum s\u00f3knarleik.\u00a0 Sta\u00f0an \u00ed h\u00e1lfleik 10 \u2013 12.\u00a0 M\u00e9r fannst eins og vi\u00f0 v\u00e6rum a\u00f0 n\u00e1 g\u00f3\u00f0um t\u00f6kum \u00e1 leiknum, \u00e1kve\u00f0in r\u00f3 yfir li\u00f0inu og \u00fatliti\u00f0 var \u00fev\u00ed bara gott \u00ed h\u00e1lfleik.<br \/>\nS\u00ed\u00f0ari h\u00e1lfleikur byrja\u00f0 vel vi\u00f0 h\u00e9ldu \u00f6ruggri forrustu en vorum samt d\u00e1l\u00edti\u00f0 a\u00f0 fl\u00fdta okkur og \u00fev\u00ed f\u00f3ru g\u00f3\u00f0 f\u00e6ri forg\u00f6r\u00f0um.\u00a0 Vi\u00f0 \u00e1ttu allavega tvo m\u00f6guleika \u00e1 \u00fev\u00ed a\u00f0 koma okkur \u00ed fimm marka forrustu en n\u00fdttum \u00fea\u00f0 ekki.\u00a0\u00a0 Vi\u00f0 f\u00f3rum svo a\u00f0 fl\u00fdta okkur enn meira \u00ed s\u00f3kninn, gera allsskonar vitleysu s\u00f3knarlega og um lei\u00f0 gengu Stj\u00f6rnumenn \u00e1 lagi\u00f0 og n\u00e1\u00f0u a\u00f0 jafna leikinn.\u00a0\u00a0 Loka m\u00edn\u00fatur leiksins voru \u00fev\u00ed nokku\u00f0 spennandi \u00fear sem li\u00f0in skiptust \u00e1 a\u00f0 skora.\u00a0 En \u00fea\u00f0 var Sigur\u00f0ur \u00deorsteinsson sem skora\u00f0i sigur mark okkar FRAMarar um \u00fea\u00f0 leiti sem klukkan rann \u00fat, Stjarnan n\u00e1\u00f0i ekki einu sinni a\u00f0 taka mi\u00f0ju eftir marki\u00f0. \u00a0\u00a0Vi\u00f0 vorum d\u00e1l\u00edt\u00f0 heppnir a\u00f0 landa \u00feessum sigri \u00ed kv\u00f6ld, kannski \u00e1ttum vi\u00f0 \u00fea\u00f0 skili\u00f0 en allavega kl\u00e1ru\u00f0um vi\u00f0 leikinn sem er alltaf gott.\u00a0\u00a0 Lokat\u00f6lu 22-23.<br \/>\nKristinn kom vel inn \u00ed leikinn, s\u00e9rstaklega \u00ed fyrri h\u00e1lfleik, Krist\u00f3fer var g\u00f3\u00f0ur allan leikinn en a\u00f0rir leikmenn st\u00f3\u00f0u sig a\u00f0 mestu vel.\u00a0 \u00dea\u00f0 gefur okkur kl\u00e1rlega meiri m\u00f6guleika a\u00f0 f\u00e1 Kristinn inn \u00ed s\u00f3knarleikinn. \u00a0N\u00fa er bara a\u00f0 n\u00fdta \u00fea\u00f0 sem var gott \u00ed kv\u00f6ld og byggja \u00e1 \u00fev\u00ed \u00ed n\u00e6sta leik sem er heimaleikur gekk Val \u00e1 fimmtudag. Sj\u00e1umst \u00fe\u00e1.<\/p>\n<p>\u00c1FRAM FRAM<\/p>","protected":false},"excerpt":{"rendered":"<p>Str\u00e1karnir okkar \u00ed mfl.ka. h\u00e9ldu \u00ed kv\u00f6ld su\u00f0ur \u00e1 b\u00f3ginn \u00feegar \u00feeir s\u00f3ttu Stj\u00f6rnuna heim \u00ed Gar\u00f0ab\u00e6inn. Vi\u00f0 tj\u00f6ldu\u00f0um n\u00fdjum leikmanni Kristni Bj\u00f6rg\u00falfssyni sem gekk til li\u00f0s vi\u00f0 okkur \u00ed [&hellip;]<\/p>","protected":false},"author":4,"featured_media":8526,"comment_status":"open","ping_status":"open","sticky":false,"template":"","format":"standard","meta":{"_monsterinsights_skip_tracking":false,"_monsterinsights_sitenote_active":false,"_monsterinsights_sitenote_note":"","_monsterinsights_sitenote_category":0,"_jetpack_memberships_contains_paid_content":false,"footnotes":""},"categories":[6,19],"tags":[],"class_list":["post-8545","post","type-post","status-publish","format-standard","has-post-thumbnail","hentry","category-handbolti","category-mfl-karla"],"jetpack_sharing_enabled":true,"jetpack_featured_media_url":"https:\/\/fram.is\/wp-content\/uploads\/2014\/10\/Siggi-\u00deorsteins-FH-vefur.jpg","_links":{"self":[{"href":"https:\/\/fram.is\/is\/wp-json\/wp\/v2\/posts\/8545","targetHints":{"allow":["GET"]}}],"collection":[{"href":"https:\/\/fram.is\/is\/wp-json\/wp\/v2\/posts"}],"about":[{"href":"https:\/\/fram.is\/is\/wp-json\/wp\/v2\/types\/post"}],"author":[{"embeddable":true,"href":"https:\/\/fram.is\/is\/wp-json\/wp\/v2\/users\/4"}],"replies":[{"embeddable":true,"href":"https:\/\/fram.is\/is\/wp-json\/wp\/v2\/comments?post=8545"}],"version-history":[{"count":0,"href":"https:\/\/fram.is\/is\/wp-json\/wp\/v2\/posts\/8545\/revisions"}],"wp:featuredmedia":[{"embeddable":true,"href":"https:\/\/fram.is\/is\/wp-json\/wp\/v2\/media\/8526"}],"wp:attachment":[{"href":"https:\/\/fram.is\/is\/wp-json\/wp\/v2\/media?parent=8545"}],"wp:term":[{"taxonomy":"category","embeddable":true,"href":"https:\/\/fram.is\/is\/wp-json\/wp\/v2\/categories?post=8545"},{"taxonomy":"post_tag","embeddable":true,"href":"https:\/\/fram.is\/is\/wp-json\/wp\/v2\/tags?post=8545"}],"curies":[{"name":"wp","href":"https:\/\/api.w.org\/{rel}","templated":true}]}}