{"id":8552,"date":"2014-10-17T14:33:09","date_gmt":"2014-10-17T14:33:09","guid":{"rendered":"http:\/\/fram.is\/?p=8552"},"modified":"2014-10-17T14:33:09","modified_gmt":"2014-10-17T14:33:09","slug":"3-framarar-i-landslidshopi-islands-u-19","status":"publish","type":"post","link":"https:\/\/fram.is\/is\/2014\/10\/17\/3-framarar-i-landslidshopi-islands-u-19\/","title":{"rendered":"3 FRAMarar \u00ed landsli\u00f0sh\u00f3pi \u00cdslands U-19"},"content":{"rendered":"<p><a href=\"http:\/\/fram.is\/wp-content\/uploads\/2014\/03\/Dan\u00edel-st\u00e6rri.jpg\"><img fetchpriority=\"high\" decoding=\"async\" class=\"alignright size-medium wp-image-6316\" src=\"http:\/\/fram.is\/wp-content\/uploads\/2014\/03\/Dan\u00edel-st\u00e6rri-300x290.jpg\" alt=\"Dan\u00edel st\u00e6rri\" width=\"300\" height=\"290\" \/><\/a><a href=\"http:\/\/fram.is\/wp-content\/uploads\/2014\/10\/Ragnar-\u00fe\u00f3r.jpg\"><img decoding=\"async\" class=\"alignright size-medium wp-image-8554\" src=\"http:\/\/fram.is\/wp-content\/uploads\/2014\/10\/Ragnar-\u00fe\u00f3r-300x300.jpg\" alt=\"Ragnar \u00fe\u00f3r\" width=\"300\" height=\"300\" \/><\/a><a href=\"http:\/\/fram.is\/wp-content\/uploads\/2014\/10\/Arnar-Freyr-Arnarsson.jpg\"><img decoding=\"async\" class=\"alignright size-medium wp-image-8553\" src=\"http:\/\/fram.is\/wp-content\/uploads\/2014\/10\/Arnar-Freyr-Arnarsson-300x300.jpg\" alt=\"Arnar Freyr Arnarsson\" width=\"300\" height=\"300\" \/><\/a>Einar Gu\u00f0mundsson landsli\u00f0s\u00fej\u00e1lfari U-19 \u00e1ra landsli\u00f0s karla hefur vali\u00f0 \u00e6fingarh\u00f3p sem \u00e6fir helgina 31. okt til 2.n\u00f3v. Vi\u00f0 FRAMarar eru stoltir af \u00fev\u00ed a\u00f0 eiga \u00ferj\u00e1 fulltr\u00faa \u00ed \u00feessu \u00e6fingah\u00f3pi.<br \/>\n\u00deeir sem hafa veri\u00f0 valdir a\u00f0 \u00feessu sinni eru:<\/p>\n<p>Dan\u00edel Gu\u00f0mundsson\u00a0\u00a0\u00a0\u00a0\u00a0\u00a0\u00a0\u00a0\u00a0\u00a0\u00a0\u00a0\u00a0\u00a0\u00a0\u00a0\u00a0\u00a0 Fram<br \/>\nRagnar \u00de\u00f3r Kjartansson\u00a0\u00a0\u00a0 \u00a0\u00a0\u00a0\u00a0\u00a0\u00a0\u00a0\u00a0\u00a0\u00a0\u00a0 Fram<br \/>\nArnar Freyr Arnarson\u00a0\u00a0\u00a0\u00a0\u00a0\u00a0\u00a0\u00a0\u00a0\u00a0\u00a0\u00a0\u00a0\u00a0\u00a0\u00a0\u00a0\u00a0\u00a0\u00a0 Fram<\/p>\n<p>Gangi ykkur vel !<\/p>","protected":false},"excerpt":{"rendered":"<p>Einar Gu\u00f0mundsson landsli\u00f0s\u00fej\u00e1lfari U-19 \u00e1ra landsli\u00f0s karla hefur vali\u00f0 \u00e6fingarh\u00f3p sem \u00e6fir helgina 31. okt til 2.n\u00f3v. Vi\u00f0 FRAMarar eru stoltir af \u00fev\u00ed a\u00f0 eiga \u00ferj\u00e1 fulltr\u00faa \u00ed \u00feessu \u00e6fingah\u00f3pi. [&hellip;]<\/p>","protected":false},"author":4,"featured_media":8489,"comment_status":"open","ping_status":"open","sticky":false,"template":"","format":"standard","meta":{"_monsterinsights_skip_tracking":false,"_monsterinsights_sitenote_active":false,"_monsterinsights_sitenote_note":"","_monsterinsights_sitenote_category":0,"_jetpack_memberships_contains_paid_content":false,"footnotes":""},"categories":[7,6,19],"tags":[],"class_list":["post-8552","post","type-post","status-publish","format-standard","has-post-thumbnail","hentry","category-yngri-flokkar","category-handbolti","category-mfl-karla"],"jetpack_sharing_enabled":true,"jetpack_featured_media_url":"https:\/\/fram.is\/wp-content\/uploads\/2014\/10\/Ragnar-\u00fe\u00f3r-vefur.jpg","_links":{"self":[{"href":"https:\/\/fram.is\/is\/wp-json\/wp\/v2\/posts\/8552","targetHints":{"allow":["GET"]}}],"collection":[{"href":"https:\/\/fram.is\/is\/wp-json\/wp\/v2\/posts"}],"about":[{"href":"https:\/\/fram.is\/is\/wp-json\/wp\/v2\/types\/post"}],"author":[{"embeddable":true,"href":"https:\/\/fram.is\/is\/wp-json\/wp\/v2\/users\/4"}],"replies":[{"embeddable":true,"href":"https:\/\/fram.is\/is\/wp-json\/wp\/v2\/comments?post=8552"}],"version-history":[{"count":0,"href":"https:\/\/fram.is\/is\/wp-json\/wp\/v2\/posts\/8552\/revisions"}],"wp:featuredmedia":[{"embeddable":true,"href":"https:\/\/fram.is\/is\/wp-json\/wp\/v2\/media\/8489"}],"wp:attachment":[{"href":"https:\/\/fram.is\/is\/wp-json\/wp\/v2\/media?parent=8552"}],"wp:term":[{"taxonomy":"category","embeddable":true,"href":"https:\/\/fram.is\/is\/wp-json\/wp\/v2\/categories?post=8552"},{"taxonomy":"post_tag","embeddable":true,"href":"https:\/\/fram.is\/is\/wp-json\/wp\/v2\/tags?post=8552"}],"curies":[{"name":"wp","href":"https:\/\/api.w.org\/{rel}","templated":true}]}}