{"id":8631,"date":"2014-10-27T13:01:17","date_gmt":"2014-10-27T13:01:17","guid":{"rendered":"http:\/\/fram.is\/?p=8631"},"modified":"2014-10-27T13:01:17","modified_gmt":"2014-10-27T13:01:17","slug":"andri-thor-og-arnor-dadi-gera-2-ara-samning-vid-fram","status":"publish","type":"post","link":"https:\/\/fram.is\/is\/2014\/10\/27\/andri-thor-og-arnor-dadi-gera-2-ara-samning-vid-fram\/","title":{"rendered":"Andri \u00de\u00f3r og Arn\u00f3r Da\u00f0i gera 2 \u00e1ra samning vi\u00f0 FRAM"},"content":{"rendered":"<p><a href=\"http:\/\/fram.is\/wp-content\/uploads\/2014\/10\/Arn\u00f3r-og-Andri-god.jpg\"><img fetchpriority=\"high\" decoding=\"async\" class=\"alignright size-medium wp-image-8634\" src=\"http:\/\/fram.is\/wp-content\/uploads\/2014\/10\/Arn\u00f3r-og-Andri-god-300x260.jpg\" alt=\"Arn\u00f3r og Andri god\" width=\"300\" height=\"260\" \/><\/a>Knattspyrnudeild FRAM\u00a0 skrifa\u00f0i um helgina undir 2. \u00e1ra samning vi\u00f0 Andra \u00de\u00f3r S\u00f3lbergsson og Arn\u00f3r Da\u00f0a A\u00f0alsteinsson. B\u00e1\u00f0ir eru str\u00e1karnir f\u00e6ddur 1997, uppaldir \u00ed Fram og l\u00e9ku sitt fyrsta t\u00edmabil \u00ed sumar me\u00f0 2. flokki. B\u00e6\u00f0i Arn\u00f3r og Andri voru vi\u00f0lo\u00f0andi mfl. karla \u00ed sumar og fengu \u00fear a\u00f0eins nasa\u00feef af \u00fev\u00ed sem koma skal.\u00a0 \u00deeir f\u00e9lagar hafa veri\u00f0 valdir \u00ed \u00fartaksh\u00f3pa KS\u00cd \u00e1 undaf\u00f6rnum \u00e1rum n\u00fa s\u00ed\u00f0ast \u00ed haust var Arn\u00f3r valinn \u00ed \u00e6fingah\u00f3p U-19. Fram fagnar \u00fev\u00ed a\u00f0 hafa n\u00e1\u00f0 samningum vi\u00f0 Andra \u00de\u00f3r og Arn\u00f3r Da\u00f0a.<\/p>\n<p>Knattspyrnudeild FRAM<\/p>","protected":false},"excerpt":{"rendered":"<p>Knattspyrnudeild FRAM\u00a0 skrifa\u00f0i um helgina undir 2. \u00e1ra samning vi\u00f0 Andra \u00de\u00f3r S\u00f3lbergsson og Arn\u00f3r Da\u00f0a A\u00f0alsteinsson. B\u00e1\u00f0ir eru str\u00e1karnir f\u00e6ddur 1997, uppaldir \u00ed Fram og l\u00e9ku sitt fyrsta t\u00edmabil [&hellip;]<\/p>","protected":false},"author":4,"featured_media":8632,"comment_status":"open","ping_status":"open","sticky":false,"template":"","format":"standard","meta":{"_monsterinsights_skip_tracking":false,"_monsterinsights_sitenote_active":false,"_monsterinsights_sitenote_note":"","_monsterinsights_sitenote_category":0,"_jetpack_memberships_contains_paid_content":false,"footnotes":""},"categories":[11,9,13],"tags":[],"class_list":["post-8631","post","type-post","status-publish","format-standard","has-post-thumbnail","hentry","category-mflkarla","category-fotbolti","category-yngriflokkar"],"jetpack_sharing_enabled":true,"jetpack_featured_media_url":"https:\/\/fram.is\/wp-content\/uploads\/2014\/10\/Arn\u00f3r-og-Andri-\u00de\u00f3r-vefur-scaled.jpg","_links":{"self":[{"href":"https:\/\/fram.is\/is\/wp-json\/wp\/v2\/posts\/8631","targetHints":{"allow":["GET"]}}],"collection":[{"href":"https:\/\/fram.is\/is\/wp-json\/wp\/v2\/posts"}],"about":[{"href":"https:\/\/fram.is\/is\/wp-json\/wp\/v2\/types\/post"}],"author":[{"embeddable":true,"href":"https:\/\/fram.is\/is\/wp-json\/wp\/v2\/users\/4"}],"replies":[{"embeddable":true,"href":"https:\/\/fram.is\/is\/wp-json\/wp\/v2\/comments?post=8631"}],"version-history":[{"count":0,"href":"https:\/\/fram.is\/is\/wp-json\/wp\/v2\/posts\/8631\/revisions"}],"wp:featuredmedia":[{"embeddable":true,"href":"https:\/\/fram.is\/is\/wp-json\/wp\/v2\/media\/8632"}],"wp:attachment":[{"href":"https:\/\/fram.is\/is\/wp-json\/wp\/v2\/media?parent=8631"}],"wp:term":[{"taxonomy":"category","embeddable":true,"href":"https:\/\/fram.is\/is\/wp-json\/wp\/v2\/categories?post=8631"},{"taxonomy":"post_tag","embeddable":true,"href":"https:\/\/fram.is\/is\/wp-json\/wp\/v2\/tags?post=8631"}],"curies":[{"name":"wp","href":"https:\/\/api.w.org\/{rel}","templated":true}]}}