{"id":877,"date":"2012-12-04T17:15:03","date_gmt":"2012-12-04T17:15:03","guid":{"rendered":"http:\/\/fram.is\/?p=877"},"modified":"2012-12-04T17:15:03","modified_gmt":"2012-12-04T17:15:03","slug":"alyktun-fundar-hja-knattspyrnufelaginu-fram-ibuasamtokum-grafarholts-og-ibuasamtokum-ulfarsardals","status":"publish","type":"post","link":"https:\/\/fram.is\/is\/2012\/12\/04\/alyktun-fundar-hja-knattspyrnufelaginu-fram-ibuasamtokum-grafarholts-og-ibuasamtokum-ulfarsardals\/","title":{"rendered":"\u00c1lyktun fundar hj\u00e1 Knattspyrnuf\u00e9laginu Fram, \u00cdb\u00faasamt\u00f6kum Grafarholts og \u00cdb\u00faasamt\u00f6kum \u00dalfars\u00e1rdals"},"content":{"rendered":"<p>\u00c1lyktun fundar hj\u00e1 Knattspyrnuf\u00e9laginu Fram, \u00cdb\u00faasamt\u00f6kum Grafarholts og \u00cdb\u00faasamt\u00f6kum \u00dalfars\u00e1rdals<br \/>\nFundurinn fer \u00feess \u00e1 leit vi\u00f0 Reykjav\u00edkurborg a\u00f0 borgin taki til gagngerrar endursko\u00f0unar fyrirhuga\u00f0a breytingu \u00e1 stefnu sinni var\u00f0andi uppbyggingu \u00ed \u00dalfars\u00e1rdal og Grafarholti sem kynnt var \u00e1 f\u00f6studaginn 30. n\u00f3vember s\u00ed\u00f0astli\u00f0inn \u00ed R\u00e1\u00f0h\u00fasi Reykjav\u00edkur \u00e1 fundi me\u00f0 borgarstj\u00f3ra, formanni borgarr\u00e1\u00f0s og emb\u00e6ttism\u00f6nnum.<\/p>\n<p>\u00deeir sem undir \u00feetta rita krefjast \u00feess a\u00f0 borgaryfirv\u00f6ld standi vi\u00f0 gildandi skipulag og ger\u00f0a samninga og geri skurk \u00ed uppbyggingu hverfisins.<br \/>\n\u00d3ska\u00f0 er eftir \u00fev\u00ed a\u00f0 borgaryfirv\u00f6ld vinni me\u00f0 hagsmunaa\u00f0ilum \u00ed a\u00f0 finna \u00e1s\u00e6ttanlega lausn var\u00f0andi uppbyggingu \u00e1 \u00ed\u00fer\u00f3ttamannvirkjum, sunda\u00f0st\u00f6\u00f0u og sk\u00f3lamannvirkjum.<\/p>\n<p>Um er a\u00f0 r\u00e6\u00f0a gr\u00ed\u00f0arlega hagsmuni fyrir \u00edb\u00faa \u00ed hverfinu og \u00f3ska\u00f0 er eftir vi\u00f0br\u00f6g\u00f0um sem allra fyrst.<br \/>\nUndir \u00feetta rita:<br \/>\n<strong>Knattspyrnuf\u00e9lagi\u00f0 Fram<br \/>\n\u00cdb\u00faasamt\u00f6k Grafarholts<br \/>\n\u00cdb\u00faasamt\u00f6k \u00dalfars\u00e1rdals<\/strong><\/p>","protected":false},"excerpt":{"rendered":"<p>\u00c1lyktun fundar hj\u00e1 Knattspyrnuf\u00e9laginu Fram, \u00cdb\u00faasamt\u00f6kum Grafarholts og \u00cdb\u00faasamt\u00f6kum \u00dalfars\u00e1rdals Fundurinn fer \u00feess \u00e1 leit vi\u00f0 Reykjav\u00edkurborg a\u00f0 borgin taki til gagngerrar endursko\u00f0unar fyrirhuga\u00f0a breytingu \u00e1 stefnu sinni var\u00f0andi uppbyggingu [&hellip;]<\/p>","protected":false},"author":4,"featured_media":878,"comment_status":"open","ping_status":"open","sticky":false,"template":"","format":"standard","meta":{"_monsterinsights_skip_tracking":false,"_monsterinsights_sitenote_active":false,"_monsterinsights_sitenote_note":"","_monsterinsights_sitenote_category":0,"_jetpack_memberships_contains_paid_content":false,"footnotes":""},"categories":[8,10],"tags":[],"class_list":["post-877","post","type-post","status-publish","format-standard","has-post-thumbnail","hentry","category-adalstjorn","category-frettir"],"jetpack_sharing_enabled":true,"jetpack_featured_media_url":"","_links":{"self":[{"href":"https:\/\/fram.is\/is\/wp-json\/wp\/v2\/posts\/877","targetHints":{"allow":["GET"]}}],"collection":[{"href":"https:\/\/fram.is\/is\/wp-json\/wp\/v2\/posts"}],"about":[{"href":"https:\/\/fram.is\/is\/wp-json\/wp\/v2\/types\/post"}],"author":[{"embeddable":true,"href":"https:\/\/fram.is\/is\/wp-json\/wp\/v2\/users\/4"}],"replies":[{"embeddable":true,"href":"https:\/\/fram.is\/is\/wp-json\/wp\/v2\/comments?post=877"}],"version-history":[{"count":0,"href":"https:\/\/fram.is\/is\/wp-json\/wp\/v2\/posts\/877\/revisions"}],"wp:featuredmedia":[{"embeddable":true,"href":"https:\/\/fram.is\/is\/wp-json\/"}],"wp:attachment":[{"href":"https:\/\/fram.is\/is\/wp-json\/wp\/v2\/media?parent=877"}],"wp:term":[{"taxonomy":"category","embeddable":true,"href":"https:\/\/fram.is\/is\/wp-json\/wp\/v2\/categories?post=877"},{"taxonomy":"post_tag","embeddable":true,"href":"https:\/\/fram.is\/is\/wp-json\/wp\/v2\/tags?post=877"}],"curies":[{"name":"wp","href":"https:\/\/api.w.org\/{rel}","templated":true}]}}