{"id":8928,"date":"2014-11-26T16:37:09","date_gmt":"2014-11-26T16:37:09","guid":{"rendered":"http:\/\/fram.is\/?p=8928"},"modified":"2014-11-26T16:37:09","modified_gmt":"2014-11-26T16:37:09","slug":"framtidaradstada-fram-i-ulfarsardal","status":"publish","type":"post","link":"https:\/\/fram.is\/is\/2014\/11\/26\/framtidaradstada-fram-i-ulfarsardal\/","title":{"rendered":"Framt\u00ed\u00f0ara\u00f0sta\u00f0a FRAM \u00ed \u00dalfars\u00e1rdal"},"content":{"rendered":"<p><a href=\"http:\/\/fram.is\/wp-content\/uploads\/2014\/11\/va_vinnustofa_arkitekta_ulfarsardalur_3.jpg\"><img fetchpriority=\"high\" decoding=\"async\" class=\"alignright size-medium wp-image-8929\" src=\"http:\/\/fram.is\/wp-content\/uploads\/2014\/11\/va_vinnustofa_arkitekta_ulfarsardalur_3-300x199.jpg\" alt=\"va_vinnustofa_arkitekta_ulfarsardalur_3\" width=\"300\" height=\"199\" \/><\/a>Vinn\u00adingstil\u00adlaga n\u00fdrr\u00adar hverf\u00adismi\u00f0st\u00f6\u00f0var \u00ed \u00dalfars\u00e1r\u00addal var kynnt \u00ed g\u00e6r. \u00dear ver\u00f0ur \u00a0m.a. framt\u00ed\u00f0ara\u00f0sta\u00f0a knatt\u00adspyrnu\u00adf\u00e9\u00adlags\u00adins Fram, sk\u00f3l\u00adi, sund\u00adlaug og b\u00f3ka\u00adsafn.<br \/>\nVi\u00f0 FRAMarar eru au\u00f0vita\u00f0 \u00e1n\u00e6g\u00f0ir me\u00f0 a\u00f0 \u00feessum \u00e1fanga er loki\u00f0 \u00fe.e a\u00f0 \u00fea\u00f0 s\u00e9 kominn ni\u00f0ursta\u00f0a \u00ed \u00fe\u00e1 samkeppni sem f\u00f3r afsta\u00f0 og hefur teki\u00f0 drj\u00fagan t\u00edma a\u00f0 kl\u00e1ra.\u00a0 Vinningstillagan l\u00edtur vel \u00fat en n\u00fana tekur vi\u00f0 mikil vinna \u00ed yfirfer\u00f0 og sko\u00f0un \u00e1 \u00fev\u00ed hva\u00f0 \u00feessi tillaga \u00fe\u00fd\u00f0ir fyrir FRAM.<br \/>\n\u00dea\u00f0 eru \u00fev\u00ed vonandi spennandi t\u00edmar framundan hj\u00e1 FRAM og f\u00f6rum a\u00f0 sj\u00e1 uppbyggingu hefjast \u00e1 \u00feessu framt\u00ed\u00f0ar sv\u00e6\u00f0i FRAM \u00ed \u00dalfars\u00e1rdal.<br \/>\nH\u00e9r eru linkar inn \u00e1 fr\u00e9ttir sem komu fr\u00e1 Reykjav\u00edkurborg \u00ed g\u00e6r.<br \/>\n<a href=\"http:\/\/reykjavik.is\/frettir\/nattura-og-byggd-tengd-ljodraenan-hatt#.VHUMpzFnioE.facebook\" target=\"_blank\" rel=\"noopener\">http:\/\/reykjavik.is\/frettir\/nattura-og-byggd-tengd-ljodraenan-hatt#.VHUMpzFnioE.facebook<\/a><\/p>\n<p><a href=\"http:\/\/reykjavik.is\/sites\/default\/files\/ymis_skjol\/skjol_frettir\/fra_1114-4_samkeppni_ulfarsardal_lowres.pdf\" target=\"_blank\" rel=\"noopener\">D\u00f3mnefndar\u00e1lit \u00ed H\u00f6nnunarsamkeppni um sam\u00fe\u00e6ttan leik- og grunnsk\u00f3la me\u00f0 a\u00f0st\u00f6\u00f0u fyrir fr\u00edstunda- og f\u00e9lagsstarf, menningarmi\u00f0st\u00f6\u00f0 og almenningsb\u00f3kasafn, sundlaug og \u00ed\u00fer\u00f3ttah\u00fas \u00ed \u00dalfars\u00e1rdal auk \u00edb\u00fa\u00f0abygg\u00f0ar<\/a><\/p>\n<p>\u00c1FRAM FRAM<\/p>","protected":false},"excerpt":{"rendered":"<p>Vinn\u00adingstil\u00adlaga n\u00fdrr\u00adar hverf\u00adismi\u00f0st\u00f6\u00f0var \u00ed \u00dalfars\u00e1r\u00addal var kynnt \u00ed g\u00e6r. \u00dear ver\u00f0ur \u00a0m.a. framt\u00ed\u00f0ara\u00f0sta\u00f0a knatt\u00adspyrnu\u00adf\u00e9\u00adlags\u00adins Fram, sk\u00f3l\u00adi, sund\u00adlaug og b\u00f3ka\u00adsafn. Vi\u00f0 FRAMarar eru au\u00f0vita\u00f0 \u00e1n\u00e6g\u00f0ir me\u00f0 a\u00f0 \u00feessum \u00e1fanga er loki\u00f0 [&hellip;]<\/p>","protected":false},"author":4,"featured_media":8930,"comment_status":"open","ping_status":"open","sticky":false,"template":"","format":"standard","meta":{"_monsterinsights_skip_tracking":false,"_monsterinsights_sitenote_active":false,"_monsterinsights_sitenote_note":"","_monsterinsights_sitenote_category":0,"_jetpack_memberships_contains_paid_content":false,"footnotes":""},"categories":[8],"tags":[],"class_list":["post-8928","post","type-post","status-publish","format-standard","has-post-thumbnail","hentry","category-adalstjorn"],"jetpack_sharing_enabled":true,"jetpack_featured_media_url":"https:\/\/fram.is\/wp-content\/uploads\/2014\/11\/va_vinnustofa_arkitekta_ulfarsardalur_3-vefur.jpg","_links":{"self":[{"href":"https:\/\/fram.is\/is\/wp-json\/wp\/v2\/posts\/8928","targetHints":{"allow":["GET"]}}],"collection":[{"href":"https:\/\/fram.is\/is\/wp-json\/wp\/v2\/posts"}],"about":[{"href":"https:\/\/fram.is\/is\/wp-json\/wp\/v2\/types\/post"}],"author":[{"embeddable":true,"href":"https:\/\/fram.is\/is\/wp-json\/wp\/v2\/users\/4"}],"replies":[{"embeddable":true,"href":"https:\/\/fram.is\/is\/wp-json\/wp\/v2\/comments?post=8928"}],"version-history":[{"count":0,"href":"https:\/\/fram.is\/is\/wp-json\/wp\/v2\/posts\/8928\/revisions"}],"wp:featuredmedia":[{"embeddable":true,"href":"https:\/\/fram.is\/is\/wp-json\/wp\/v2\/media\/8930"}],"wp:attachment":[{"href":"https:\/\/fram.is\/is\/wp-json\/wp\/v2\/media?parent=8928"}],"wp:term":[{"taxonomy":"category","embeddable":true,"href":"https:\/\/fram.is\/is\/wp-json\/wp\/v2\/categories?post=8928"},{"taxonomy":"post_tag","embeddable":true,"href":"https:\/\/fram.is\/is\/wp-json\/wp\/v2\/tags?post=8928"}],"curies":[{"name":"wp","href":"https:\/\/api.w.org\/{rel}","templated":true}]}}