{"id":8937,"date":"2014-11-27T09:19:34","date_gmt":"2014-11-27T09:19:34","guid":{"rendered":"http:\/\/fram.is\/?p=8937"},"modified":"2014-11-27T09:19:34","modified_gmt":"2014-11-27T09:19:34","slug":"einar-mar-gerir-tveggja-ara-samning-vid-fram","status":"publish","type":"post","link":"https:\/\/fram.is\/is\/2014\/11\/27\/einar-mar-gerir-tveggja-ara-samning-vid-fram\/","title":{"rendered":"Einar M\u00e1r gerir tveggja \u00e1ra samning vi\u00f0 Fram"},"content":{"rendered":"<p><a href=\"http:\/\/fram.is\/wp-content\/uploads\/2014\/11\/Einar-g\u00f3\u00f0.jpg\"><img fetchpriority=\"high\" decoding=\"async\" class=\"alignright size-medium wp-image-8932\" src=\"http:\/\/fram.is\/wp-content\/uploads\/2014\/11\/Einar-g\u00f3\u00f0-300x260.jpg\" alt=\"Einar g\u00f3\u00f0\" width=\"300\" height=\"260\" \/><\/a>Kantma\u00f0urinn Einar M\u00e1r \u00de\u00f3risson skrifa\u00f0i \u00ed kv\u00f6ld undir tveggja \u00e1ra samning vi\u00f0 Fram. Einar M\u00e1r sem er uppalinn \u00ed KR, \u00fear sem hann var\u00f0 m.a. \u00cdslands- og bikarmeistari \u00ed 2. flokki, gekk \u00ed ra\u00f0ir Framara fyrir \u00e1ri s\u00ed\u00f0an. Hann l\u00e9k 2 leiki \u00ed Pepsideild og einn \u00ed bikarkeppni fyrir Fram sl. Sumar en gekk \u00ed ra\u00f0ir KV \u00ed f\u00e9lagaskiptaglugganum \u00ed j\u00fal\u00ed. Hann l\u00e9k 8 leiki fyrir KV seinni hluta sumars og skora\u00f0i \u00ed \u00feeim fj\u00f6gur m\u00f6rk. Fram fagnar endurkomu Einars M\u00e1s \u00ed Safam\u00fdrina og hlakkar til samstarfsins.<\/p>\n<p>Knattspyrnudeild FRAM<\/p>","protected":false},"excerpt":{"rendered":"<p>Kantma\u00f0urinn Einar M\u00e1r \u00de\u00f3risson skrifa\u00f0i \u00ed kv\u00f6ld undir tveggja \u00e1ra samning vi\u00f0 Fram. Einar M\u00e1r sem er uppalinn \u00ed KR, \u00fear sem hann var\u00f0 m.a. \u00cdslands- og bikarmeistari \u00ed 2. [&hellip;]<\/p>","protected":false},"author":4,"featured_media":8933,"comment_status":"open","ping_status":"open","sticky":false,"template":"","format":"standard","meta":{"_monsterinsights_skip_tracking":false,"_monsterinsights_sitenote_active":false,"_monsterinsights_sitenote_note":"","_monsterinsights_sitenote_category":0,"_jetpack_memberships_contains_paid_content":false,"footnotes":""},"categories":[11,9],"tags":[],"class_list":["post-8937","post","type-post","status-publish","format-standard","has-post-thumbnail","hentry","category-mflkarla","category-fotbolti"],"jetpack_sharing_enabled":true,"jetpack_featured_media_url":"https:\/\/fram.is\/wp-content\/uploads\/2014\/11\/Einar-Mar-vefur-scaled.jpg","_links":{"self":[{"href":"https:\/\/fram.is\/is\/wp-json\/wp\/v2\/posts\/8937","targetHints":{"allow":["GET"]}}],"collection":[{"href":"https:\/\/fram.is\/is\/wp-json\/wp\/v2\/posts"}],"about":[{"href":"https:\/\/fram.is\/is\/wp-json\/wp\/v2\/types\/post"}],"author":[{"embeddable":true,"href":"https:\/\/fram.is\/is\/wp-json\/wp\/v2\/users\/4"}],"replies":[{"embeddable":true,"href":"https:\/\/fram.is\/is\/wp-json\/wp\/v2\/comments?post=8937"}],"version-history":[{"count":0,"href":"https:\/\/fram.is\/is\/wp-json\/wp\/v2\/posts\/8937\/revisions"}],"wp:featuredmedia":[{"embeddable":true,"href":"https:\/\/fram.is\/is\/wp-json\/wp\/v2\/media\/8933"}],"wp:attachment":[{"href":"https:\/\/fram.is\/is\/wp-json\/wp\/v2\/media?parent=8937"}],"wp:term":[{"taxonomy":"category","embeddable":true,"href":"https:\/\/fram.is\/is\/wp-json\/wp\/v2\/categories?post=8937"},{"taxonomy":"post_tag","embeddable":true,"href":"https:\/\/fram.is\/is\/wp-json\/wp\/v2\/tags?post=8937"}],"curies":[{"name":"wp","href":"https:\/\/api.w.org\/{rel}","templated":true}]}}