{"id":8971,"date":"2014-12-04T16:34:27","date_gmt":"2014-12-04T16:34:27","guid":{"rendered":"http:\/\/fram.is\/?p=8971"},"modified":"2014-12-04T16:34:27","modified_gmt":"2014-12-04T16:34:27","slug":"tveir-fra-fram-i-landslidi-islands-u19","status":"publish","type":"post","link":"https:\/\/fram.is\/is\/2014\/12\/04\/tveir-fra-fram-i-landslidi-islands-u19\/","title":{"rendered":"\u00der\u00edr leikmenn fr\u00e1 FRAM \u00ed landsli\u00f0i \u00cdslands U19"},"content":{"rendered":"<p><a href=\"http:\/\/fram.is\/wp-content\/uploads\/2014\/11\/daniel.jpg\"><img fetchpriority=\"high\" decoding=\"async\" class=\"alignright size-medium wp-image-8805\" src=\"http:\/\/fram.is\/wp-content\/uploads\/2014\/11\/daniel-300x300.jpg\" alt=\"daniel\" width=\"300\" height=\"300\" \/><\/a><a href=\"http:\/\/fram.is\/wp-content\/uploads\/2014\/11\/raggi.jpg\"><img decoding=\"async\" class=\"alignright size-medium wp-image-8809\" src=\"http:\/\/fram.is\/wp-content\/uploads\/2014\/11\/raggi-300x300.jpg\" alt=\"raggi\" width=\"300\" height=\"300\" \/><\/a><a href=\"http:\/\/fram.is\/wp-content\/uploads\/2014\/11\/ludvik.jpg\"><img decoding=\"async\" class=\"alignright size-medium wp-image-8796\" src=\"http:\/\/fram.is\/wp-content\/uploads\/2014\/11\/ludvik-300x300.jpg\" alt=\"ludvik\" width=\"300\" height=\"300\" \/><\/a>Vali\u00f0 hefur veri\u00f0 landsli\u00f0 \u00cdslands U19 \u00a0pilta sem tekur \u00fe\u00e1tt \u00ed Sparcassen-cup \u00a0\u00ed \u00de\u00fdskalandi milli j\u00f3la og n\u00fd\u00e1rs. H\u00f3purinn kemur saman til \u00e6finga fyrir j\u00f3l en halda s\u00ed\u00f0an af sta\u00f0 a\u00f0 morgni annars \u00ed j\u00f3lum \u00a0og koma heim a\u00f0 kv\u00f6ldi 30.des.<br \/>\nLeikja plan m\u00e1 sj\u00e1 h\u00e9r <a href=\"http:\/\/www.sparkassencup-merzig.de\/turnier-2014\/spielplan\/\" target=\"_blank\" rel=\"noopener\">http:\/\/www.sparkassencup-merzig.de\/turnier-2014\/spielplan\/<br \/>\n<\/a>Vi\u00f0 FRAMarar eru stoltir af \u00fev\u00ed a\u00f0 eiga \u00a0\u00ferj\u00e1 leikmenn \u00ed \u00feessum landsli\u00f0sh\u00f3pi, Arnar Freyr Arnarsson er meiddur og var \u00fev\u00ed ekki valinn. \u00deeir sem voru valdir fr\u00e1 FRAM a\u00f0 \u00feessu sinni eru:<\/p>\n<p>Dan\u00edel Gu\u00f0mundsson \u00a0 \u00a0 \u00a0 \u00a0 \u00a0 \u00a0 \u00a0 \u00a0 \u00a0 \u00a0 \u00a0 \u00a0 \u00a0Fram<br \/>\nRagnar \u00de\u00f3r Kjartansson \u00a0 \u00a0 \u00a0 \u00a0 \u00a0 \u00a0 \u00a0 \u00a0 \u00a0 \u00a0 \u00a0Fram<br \/>\nL\u00fa\u00f0v\u00edk Arnkelsson \u00a0 \u00a0 \u00a0 \u00a0 \u00a0 \u00a0 \u00a0 \u00a0 \u00a0 \u00a0 \u00a0 \u00a0 \u00a0 \u00a0 \u00a0 \u00a0 Fram<\/p>\n<p>\u00c1FRAM FRAM<\/p>\n<p>&nbsp;<\/p>","protected":false},"excerpt":{"rendered":"<p>Vali\u00f0 hefur veri\u00f0 landsli\u00f0 \u00cdslands U19 \u00a0pilta sem tekur \u00fe\u00e1tt \u00ed Sparcassen-cup \u00a0\u00ed \u00de\u00fdskalandi milli j\u00f3la og n\u00fd\u00e1rs. H\u00f3purinn kemur saman til \u00e6finga fyrir j\u00f3l en halda s\u00ed\u00f0an af sta\u00f0 [&hellip;]<\/p>","protected":false},"author":4,"featured_media":8972,"comment_status":"open","ping_status":"open","sticky":false,"template":"","format":"standard","meta":{"_monsterinsights_skip_tracking":false,"_monsterinsights_sitenote_active":false,"_monsterinsights_sitenote_note":"","_monsterinsights_sitenote_category":0,"_jetpack_memberships_contains_paid_content":false,"footnotes":""},"categories":[7,6,19],"tags":[],"class_list":["post-8971","post","type-post","status-publish","format-standard","has-post-thumbnail","hentry","category-yngri-flokkar","category-handbolti","category-mfl-karla"],"jetpack_sharing_enabled":true,"jetpack_featured_media_url":"https:\/\/fram.is\/wp-content\/uploads\/2014\/12\/Ragnar-\u00fe\u00f3r-vefur.jpg","_links":{"self":[{"href":"https:\/\/fram.is\/is\/wp-json\/wp\/v2\/posts\/8971","targetHints":{"allow":["GET"]}}],"collection":[{"href":"https:\/\/fram.is\/is\/wp-json\/wp\/v2\/posts"}],"about":[{"href":"https:\/\/fram.is\/is\/wp-json\/wp\/v2\/types\/post"}],"author":[{"embeddable":true,"href":"https:\/\/fram.is\/is\/wp-json\/wp\/v2\/users\/4"}],"replies":[{"embeddable":true,"href":"https:\/\/fram.is\/is\/wp-json\/wp\/v2\/comments?post=8971"}],"version-history":[{"count":0,"href":"https:\/\/fram.is\/is\/wp-json\/wp\/v2\/posts\/8971\/revisions"}],"wp:featuredmedia":[{"embeddable":true,"href":"https:\/\/fram.is\/is\/wp-json\/wp\/v2\/media\/8972"}],"wp:attachment":[{"href":"https:\/\/fram.is\/is\/wp-json\/wp\/v2\/media?parent=8971"}],"wp:term":[{"taxonomy":"category","embeddable":true,"href":"https:\/\/fram.is\/is\/wp-json\/wp\/v2\/categories?post=8971"},{"taxonomy":"post_tag","embeddable":true,"href":"https:\/\/fram.is\/is\/wp-json\/wp\/v2\/tags?post=8971"}],"curies":[{"name":"wp","href":"https:\/\/api.w.org\/{rel}","templated":true}]}}