{"id":8977,"date":"2014-12-09T16:15:49","date_gmt":"2014-12-09T16:15:49","guid":{"rendered":"http:\/\/fram.is\/?p=8977"},"modified":"2014-12-09T16:15:49","modified_gmt":"2014-12-09T16:15:49","slug":"juliana-dogg-valinn-i-landslidshop-islands-u17","status":"publish","type":"post","link":"https:\/\/fram.is\/is\/2014\/12\/09\/juliana-dogg-valinn-i-landslidshop-islands-u17\/","title":{"rendered":"J\u00fal\u00edana D\u00f6gg valin \u00e1 landshluta\u00e6fingu st\u00falkna"},"content":{"rendered":"<p><a href=\"http:\/\/fram.is\/wp-content\/uploads\/2014\/12\/IMG_2136.jpg\"><img fetchpriority=\"high\" decoding=\"async\" class=\"alignright size-medium wp-image-9001\" src=\"http:\/\/fram.is\/wp-content\/uploads\/2014\/12\/IMG_2136-300x200.jpg\" alt=\"IMG_2136\" width=\"300\" height=\"200\" \/><\/a>\u00dalfar Hinriksson, landsli\u00f0s\u00fej\u00e1lfari U17 kvenna, hefur vali\u00f0 \u00e6fingah\u00f3p \u00e1 landsli\u00f0s\u00e6fingar U17 kvenna\/landshluta\u00e6fingar \u00a0sem fram fara helgina 12.-14. desember n\u00e6stkomandi. Vi\u00f0 FRAMarar eru stoltir af \u00fev\u00ed a\u00f0 eiga fulltr\u00faa \u00ed \u00feessum \u00e6fingah\u00f3pi en J\u00fal\u00edana D\u00f6gg Chipa\u00a0 var valinn fr\u00e1 FRAM a\u00f0 \u00feessu sinni.<\/p>\n<p>Gangi \u00fe\u00e9r vel<\/p>","protected":false},"excerpt":{"rendered":"<p>\u00dalfar Hinriksson, landsli\u00f0s\u00fej\u00e1lfari U17 kvenna, hefur vali\u00f0 \u00e6fingah\u00f3p \u00e1 landsli\u00f0s\u00e6fingar U17 kvenna\/landshluta\u00e6fingar \u00a0sem fram fara helgina 12.-14. desember n\u00e6stkomandi. Vi\u00f0 FRAMarar eru stoltir af \u00fev\u00ed a\u00f0 eiga fulltr\u00faa \u00ed \u00feessum [&hellip;]<\/p>","protected":false},"author":4,"featured_media":9002,"comment_status":"open","ping_status":"open","sticky":false,"template":"","format":"standard","meta":{"_monsterinsights_skip_tracking":false,"_monsterinsights_sitenote_active":false,"_monsterinsights_sitenote_note":"","_monsterinsights_sitenote_category":0,"_jetpack_memberships_contains_paid_content":false,"footnotes":""},"categories":[9,13],"tags":[],"class_list":["post-8977","post","type-post","status-publish","format-standard","has-post-thumbnail","hentry","category-fotbolti","category-yngriflokkar"],"jetpack_sharing_enabled":true,"jetpack_featured_media_url":"https:\/\/fram.is\/wp-content\/uploads\/2014\/12\/J\u00falianna-vefur-scaled.jpg","_links":{"self":[{"href":"https:\/\/fram.is\/is\/wp-json\/wp\/v2\/posts\/8977","targetHints":{"allow":["GET"]}}],"collection":[{"href":"https:\/\/fram.is\/is\/wp-json\/wp\/v2\/posts"}],"about":[{"href":"https:\/\/fram.is\/is\/wp-json\/wp\/v2\/types\/post"}],"author":[{"embeddable":true,"href":"https:\/\/fram.is\/is\/wp-json\/wp\/v2\/users\/4"}],"replies":[{"embeddable":true,"href":"https:\/\/fram.is\/is\/wp-json\/wp\/v2\/comments?post=8977"}],"version-history":[{"count":0,"href":"https:\/\/fram.is\/is\/wp-json\/wp\/v2\/posts\/8977\/revisions"}],"wp:featuredmedia":[{"embeddable":true,"href":"https:\/\/fram.is\/is\/wp-json\/wp\/v2\/media\/9002"}],"wp:attachment":[{"href":"https:\/\/fram.is\/is\/wp-json\/wp\/v2\/media?parent=8977"}],"wp:term":[{"taxonomy":"category","embeddable":true,"href":"https:\/\/fram.is\/is\/wp-json\/wp\/v2\/categories?post=8977"},{"taxonomy":"post_tag","embeddable":true,"href":"https:\/\/fram.is\/is\/wp-json\/wp\/v2\/tags?post=8977"}],"curies":[{"name":"wp","href":"https:\/\/api.w.org\/{rel}","templated":true}]}}