{"id":9262,"date":"2015-01-15T10:25:38","date_gmt":"2015-01-15T10:25:38","guid":{"rendered":"http:\/\/fram.is\/?p=9262"},"modified":"2015-01-15T10:25:38","modified_gmt":"2015-01-15T10:25:38","slug":"jokull-steinn-gerir-tveggja-ara-samning-vid-fram","status":"publish","type":"post","link":"https:\/\/fram.is\/is\/2015\/01\/15\/jokull-steinn-gerir-tveggja-ara-samning-vid-fram\/","title":{"rendered":"J\u00f6kull Steinn gerir tveggja \u00e1ra samning vi\u00f0 Fram"},"content":{"rendered":"<p><a href=\"http:\/\/fram.is\/wp-content\/uploads\/2015\/01\/J\u00f6kull-g\u00f3\u00f0.jpg\"><img fetchpriority=\"high\" decoding=\"async\" class=\"alignright size-medium wp-image-9255\" src=\"http:\/\/fram.is\/wp-content\/uploads\/2015\/01\/J\u00f6kull-g\u00f3\u00f0-300x200.jpg\" alt=\"J\u00f6kull g\u00f3\u00f0\" width=\"300\" height=\"200\" \/><\/a>J\u00f6kull Steinn \u00d3lafsson sem er tv\u00edtugur kantma\u00f0ur hefur skrifa\u00f0 undir tveggja \u00e1ra samning vi\u00f0 Fram. J\u00f6kull er uppalinn \u00ed Fram en hann var valinn besti leikma\u00f0ur 2. flokks 2013. Um mitt sumar 2014 var hann l\u00e1na\u00f0ur til KF \u00ed 2. deildinni og l\u00e9k hann 11 leiki me\u00f0 f\u00e9laginu. Fram bindur miklar vonir vi\u00f0 J\u00f6kul Stein og fagnar \u00fev\u00ed samningnum vi\u00f0 leikmanninn.<\/p>","protected":false},"excerpt":{"rendered":"<p>J\u00f6kull Steinn \u00d3lafsson sem er tv\u00edtugur kantma\u00f0ur hefur skrifa\u00f0 undir tveggja \u00e1ra samning vi\u00f0 Fram. J\u00f6kull er uppalinn \u00ed Fram en hann var valinn besti leikma\u00f0ur 2. flokks 2013. Um [&hellip;]<\/p>","protected":false},"author":4,"featured_media":9254,"comment_status":"open","ping_status":"open","sticky":false,"template":"","format":"standard","meta":{"_monsterinsights_skip_tracking":false,"_monsterinsights_sitenote_active":false,"_monsterinsights_sitenote_note":"","_monsterinsights_sitenote_category":0,"_jetpack_memberships_contains_paid_content":false,"footnotes":""},"categories":[11,9],"tags":[],"class_list":["post-9262","post","type-post","status-publish","format-standard","has-post-thumbnail","hentry","category-mflkarla","category-fotbolti"],"jetpack_sharing_enabled":true,"jetpack_featured_media_url":"https:\/\/fram.is\/wp-content\/uploads\/2015\/01\/J\u00f6kull-vefur-scaled.jpg","_links":{"self":[{"href":"https:\/\/fram.is\/is\/wp-json\/wp\/v2\/posts\/9262","targetHints":{"allow":["GET"]}}],"collection":[{"href":"https:\/\/fram.is\/is\/wp-json\/wp\/v2\/posts"}],"about":[{"href":"https:\/\/fram.is\/is\/wp-json\/wp\/v2\/types\/post"}],"author":[{"embeddable":true,"href":"https:\/\/fram.is\/is\/wp-json\/wp\/v2\/users\/4"}],"replies":[{"embeddable":true,"href":"https:\/\/fram.is\/is\/wp-json\/wp\/v2\/comments?post=9262"}],"version-history":[{"count":0,"href":"https:\/\/fram.is\/is\/wp-json\/wp\/v2\/posts\/9262\/revisions"}],"wp:featuredmedia":[{"embeddable":true,"href":"https:\/\/fram.is\/is\/wp-json\/wp\/v2\/media\/9254"}],"wp:attachment":[{"href":"https:\/\/fram.is\/is\/wp-json\/wp\/v2\/media?parent=9262"}],"wp:term":[{"taxonomy":"category","embeddable":true,"href":"https:\/\/fram.is\/is\/wp-json\/wp\/v2\/categories?post=9262"},{"taxonomy":"post_tag","embeddable":true,"href":"https:\/\/fram.is\/is\/wp-json\/wp\/v2\/tags?post=9262"}],"curies":[{"name":"wp","href":"https:\/\/api.w.org\/{rel}","templated":true}]}}