{"id":9281,"date":"2015-01-19T10:39:06","date_gmt":"2015-01-19T10:39:06","guid":{"rendered":"http:\/\/fram.is\/?p=9281"},"modified":"2015-01-19T10:39:06","modified_gmt":"2015-01-19T10:39:06","slug":"elisabet-mjoll-valinn-i-aefingahop-u-17","status":"publish","type":"post","link":"https:\/\/fram.is\/is\/2015\/01\/19\/elisabet-mjoll-valinn-i-aefingahop-u-17\/","title":{"rendered":"El\u00edsabet Mj\u00f6ll valinn \u00ed \u00e6fingah\u00f3p U-17"},"content":{"rendered":"<p><a href=\"http:\/\/fram.is\/wp-content\/uploads\/2015\/01\/El\u00edsabet-g\u00f3\u00f0.jpg\"><img fetchpriority=\"high\" decoding=\"async\" class=\"alignright size-medium wp-image-9282\" src=\"http:\/\/fram.is\/wp-content\/uploads\/2015\/01\/El\u00edsabet-g\u00f3\u00f0-300x260.jpg\" alt=\"El\u00edsabet g\u00f3\u00f0\" width=\"300\" height=\"260\" \/><\/a>Valinn hefur veri\u00f0 \u00e6fingah\u00f3pur U-17 \u00e1ra landsli\u00f0s kvenna sem mun keppa fyrir \u00cdslands h\u00f6nd \u00ed undankeppni EM sem haldin ver\u00f0ur \u00ed F\u00e6reyjum 13.-15.mars. Vi\u00f0 FRAMarar erum stoltir af \u00fev\u00ed a\u00f0 eiga 1 fulltr\u00faa \u00ed h\u00f3pnum a\u00f0 \u00feessu sinni en \u00fea\u00f0 er:<\/p>\n<p>El\u00edsabet Mj\u00f6ll Gu\u00f0j\u00f3nsd\u00f3ttir \u00a0 \u00a0 \u00a0 \u00a0 \u00a0 \u00a0 \u00a0 \u00a0 \u00a0 \u00a0 \u00a0FRAM<\/p>\n<p>Gangi \u00fe\u00e9r vel.<\/p>\n<p>\u00c1FRAM FRAM<\/p>","protected":false},"excerpt":{"rendered":"<p>Valinn hefur veri\u00f0 \u00e6fingah\u00f3pur U-17 \u00e1ra landsli\u00f0s kvenna sem mun keppa fyrir \u00cdslands h\u00f6nd \u00ed undankeppni EM sem haldin ver\u00f0ur \u00ed F\u00e6reyjum 13.-15.mars. Vi\u00f0 FRAMarar erum stoltir af \u00fev\u00ed a\u00f0 [&hellip;]<\/p>","protected":false},"author":4,"featured_media":9283,"comment_status":"open","ping_status":"open","sticky":false,"template":"","format":"standard","meta":{"_monsterinsights_skip_tracking":false,"_monsterinsights_sitenote_active":false,"_monsterinsights_sitenote_note":"","_monsterinsights_sitenote_category":0,"_jetpack_memberships_contains_paid_content":false,"footnotes":""},"categories":[7,15,6],"tags":[],"class_list":["post-9281","post","type-post","status-publish","format-standard","has-post-thumbnail","hentry","category-yngri-flokkar","category-mfl-kvenna","category-handbolti"],"jetpack_sharing_enabled":true,"jetpack_featured_media_url":"https:\/\/fram.is\/wp-content\/uploads\/2015\/01\/El\u00edsabet-vefur-scaled.jpg","_links":{"self":[{"href":"https:\/\/fram.is\/is\/wp-json\/wp\/v2\/posts\/9281","targetHints":{"allow":["GET"]}}],"collection":[{"href":"https:\/\/fram.is\/is\/wp-json\/wp\/v2\/posts"}],"about":[{"href":"https:\/\/fram.is\/is\/wp-json\/wp\/v2\/types\/post"}],"author":[{"embeddable":true,"href":"https:\/\/fram.is\/is\/wp-json\/wp\/v2\/users\/4"}],"replies":[{"embeddable":true,"href":"https:\/\/fram.is\/is\/wp-json\/wp\/v2\/comments?post=9281"}],"version-history":[{"count":0,"href":"https:\/\/fram.is\/is\/wp-json\/wp\/v2\/posts\/9281\/revisions"}],"wp:featuredmedia":[{"embeddable":true,"href":"https:\/\/fram.is\/is\/wp-json\/wp\/v2\/media\/9283"}],"wp:attachment":[{"href":"https:\/\/fram.is\/is\/wp-json\/wp\/v2\/media?parent=9281"}],"wp:term":[{"taxonomy":"category","embeddable":true,"href":"https:\/\/fram.is\/is\/wp-json\/wp\/v2\/categories?post=9281"},{"taxonomy":"post_tag","embeddable":true,"href":"https:\/\/fram.is\/is\/wp-json\/wp\/v2\/tags?post=9281"}],"curies":[{"name":"wp","href":"https:\/\/api.w.org\/{rel}","templated":true}]}}