{"id":9370,"date":"2015-01-30T11:36:14","date_gmt":"2015-01-30T11:36:14","guid":{"rendered":"http:\/\/fram.is\/?p=9370"},"modified":"2015-01-30T11:36:14","modified_gmt":"2015-01-30T11:36:14","slug":"rurik-andri-thorfinnsson-gerir-tveggja-ara-samning-vid-fram","status":"publish","type":"post","link":"https:\/\/fram.is\/is\/2015\/01\/30\/rurik-andri-thorfinnsson-gerir-tveggja-ara-samning-vid-fram\/","title":{"rendered":"R\u00farik Andri \u00deorfinnsson gerir tveggja \u00e1ra samning vi\u00f0 Fram"},"content":{"rendered":"<p><a href=\"http:\/\/fram.is\/wp-content\/uploads\/2015\/01\/R\u00farik-undirskrift..jpg\"><img fetchpriority=\"high\" decoding=\"async\" class=\"alignright size-medium wp-image-9365\" src=\"http:\/\/fram.is\/wp-content\/uploads\/2015\/01\/R\u00farik-undirskrift.-300x260.jpg\" alt=\"R\u00farik undirskrift.\" width=\"300\" height=\"260\" \/><\/a>S\u00f3knarma\u00f0urinn R\u00farik Andri \u00deorfinnsson hefur skrifa\u00f0 undir tveggja \u00e1ra samning vi\u00f0 Knattspyrnuf\u00e9lagi\u00f0 Fram. R\u00farik sem er uppalinn \u00ed Fram er 23 \u00e1ra gamall. Hann l\u00e9k einn deildarleik me\u00f0 Fram \u00e1ri\u00f0 2009 en skipti s\u00ed\u00f0an yfir \u00ed Fylki \u00fear sem hann l\u00e9k 21 leik \u00ed efstu deild. Hann \u00e1 a\u00f0 baki 6 leiki me\u00f0 U17 \u00e1ra li\u00f0i \u00cdslands.<br \/>\nR\u00farik t\u00f3k s\u00e9r fr\u00ed fr\u00e1 knattspyrnu um skei\u00f0 vegna mei\u00f0sla sem hann er n\u00fa b\u00fainn a\u00f0 yfirst\u00edga. Fram fagnar \u00fev\u00ed a\u00f0 f\u00e1 R\u00farik heim og v\u00e6ntir mikils af honum \u00e1 komandi leikt\u00ed\u00f0.<\/p>\n<p>Knattspyrnudeild FRAM<\/p>","protected":false},"excerpt":{"rendered":"<p>S\u00f3knarma\u00f0urinn R\u00farik Andri \u00deorfinnsson hefur skrifa\u00f0 undir tveggja \u00e1ra samning vi\u00f0 Knattspyrnuf\u00e9lagi\u00f0 Fram. R\u00farik sem er uppalinn \u00ed Fram er 23 \u00e1ra gamall. Hann l\u00e9k einn deildarleik me\u00f0 Fram \u00e1ri\u00f0 [&hellip;]<\/p>","protected":false},"author":4,"featured_media":9364,"comment_status":"open","ping_status":"open","sticky":false,"template":"","format":"standard","meta":{"_monsterinsights_skip_tracking":false,"_monsterinsights_sitenote_active":false,"_monsterinsights_sitenote_note":"","_monsterinsights_sitenote_category":0,"_jetpack_memberships_contains_paid_content":false,"footnotes":""},"categories":[11,9],"tags":[],"class_list":["post-9370","post","type-post","status-publish","format-standard","has-post-thumbnail","hentry","category-mflkarla","category-fotbolti"],"jetpack_sharing_enabled":true,"jetpack_featured_media_url":"https:\/\/fram.is\/wp-content\/uploads\/2015\/01\/R\u00farik-vefur-scaled.jpg","_links":{"self":[{"href":"https:\/\/fram.is\/is\/wp-json\/wp\/v2\/posts\/9370","targetHints":{"allow":["GET"]}}],"collection":[{"href":"https:\/\/fram.is\/is\/wp-json\/wp\/v2\/posts"}],"about":[{"href":"https:\/\/fram.is\/is\/wp-json\/wp\/v2\/types\/post"}],"author":[{"embeddable":true,"href":"https:\/\/fram.is\/is\/wp-json\/wp\/v2\/users\/4"}],"replies":[{"embeddable":true,"href":"https:\/\/fram.is\/is\/wp-json\/wp\/v2\/comments?post=9370"}],"version-history":[{"count":0,"href":"https:\/\/fram.is\/is\/wp-json\/wp\/v2\/posts\/9370\/revisions"}],"wp:featuredmedia":[{"embeddable":true,"href":"https:\/\/fram.is\/is\/wp-json\/wp\/v2\/media\/9364"}],"wp:attachment":[{"href":"https:\/\/fram.is\/is\/wp-json\/wp\/v2\/media?parent=9370"}],"wp:term":[{"taxonomy":"category","embeddable":true,"href":"https:\/\/fram.is\/is\/wp-json\/wp\/v2\/categories?post=9370"},{"taxonomy":"post_tag","embeddable":true,"href":"https:\/\/fram.is\/is\/wp-json\/wp\/v2\/tags?post=9370"}],"curies":[{"name":"wp","href":"https:\/\/api.w.org\/{rel}","templated":true}]}}