{"id":9373,"date":"2015-01-30T14:55:36","date_gmt":"2015-01-30T14:55:36","guid":{"rendered":"http:\/\/fram.is\/?p=9373"},"modified":"2015-01-30T14:55:36","modified_gmt":"2015-01-30T14:55:36","slug":"fjolmenni-a-supufundi-fram","status":"publish","type":"post","link":"https:\/\/fram.is\/is\/2015\/01\/30\/fjolmenni-a-supufundi-fram\/","title":{"rendered":"Fj\u00f6lmenni \u00e1 s\u00fapufundi FRAM"},"content":{"rendered":"<p><a href=\"http:\/\/fram.is\/wp-content\/uploads\/2015\/01\/Bor\u00f0-1.jpg\"><img fetchpriority=\"high\" decoding=\"async\" class=\"alignright size-medium wp-image-9374\" src=\"http:\/\/fram.is\/wp-content\/uploads\/2015\/01\/Bor\u00f0-1-300x260.jpg\" alt=\"Bor\u00f0 1\" width=\"300\" height=\"260\" \/><\/a> <a href=\"http:\/\/fram.is\/wp-content\/uploads\/2015\/01\/IMG_2226.jpg\"><img decoding=\"async\" class=\"alignright size-medium wp-image-9375\" src=\"http:\/\/fram.is\/wp-content\/uploads\/2015\/01\/IMG_2226-300x200.jpg\" alt=\"IMG_2226\" width=\"300\" height=\"200\" \/><\/a> <a href=\"http:\/\/fram.is\/wp-content\/uploads\/2015\/01\/IMG_2228.jpg\"><img decoding=\"async\" class=\"alignright size-medium wp-image-9376\" src=\"http:\/\/fram.is\/wp-content\/uploads\/2015\/01\/IMG_2228-300x200.jpg\" alt=\"IMG_2228\" width=\"300\" height=\"200\" \/><\/a> <a href=\"http:\/\/fram.is\/wp-content\/uploads\/2015\/01\/Addi-go-Gulli.jpg\"><img loading=\"lazy\" decoding=\"async\" class=\"alignright size-medium wp-image-9377\" src=\"http:\/\/fram.is\/wp-content\/uploads\/2015\/01\/Addi-go-Gulli-300x260.jpg\" alt=\"Addi go Gulli\" width=\"300\" height=\"260\" \/><\/a>Vi\u00f0 FRAMarar h\u00e9ldum \u00ed dag okkar fyrsta s\u00fapufund. Vi\u00f0 erum als\u00e6lir me\u00f0 \u00feennan fyrsta fund enda var m\u00e6tingin mj\u00f6g g\u00f3\u00f0.\u00a0 Okkur telst til a\u00f0 r\u00famlega 60 manns hafi m\u00e6tt og fengi\u00f0 s\u00e9r \u00feessa l\u00edka f\u00ednu s\u00fapu. \u00dea\u00f0 var s\u00e9rlega gaman a\u00f0 sj\u00e1 alla \u00feessa FRAMarar \u00e1 \u00f6llum aldri m\u00e6ta og ekki s\u00ed\u00f0ur a\u00f0 sj\u00e1 Hei\u00f0ursf\u00e9laga FRAM m\u00e6ta og s\u00edna \u00feannig stu\u00f0ning sinn vi\u00f0 \u00feetta framtak.\u00a0 \u00dea\u00f0 er von okkar a\u00f0 vi\u00f0 sj\u00e1um alla \u00fe\u00e1 sem komu \u00ed dag og enn fleiri \u00feegar vi\u00f0 h\u00f6ldum n\u00e6sta fund sem ver\u00f0ur 27 feb.<br \/>\nHvetjum alla FRAMara til a\u00f0 m\u00e6ta og hj\u00e1lpa okkur a\u00f0 l\u00e1ta fleiri vita af \u00feessari velheppnu\u00f0u upp\u00e1komu.<br \/>\nTakk fyirr komuna og sj\u00e1umst aftur.<\/p>\n<p>\u00c1FRAM FRAM<\/p>","protected":false},"excerpt":{"rendered":"<p>Vi\u00f0 FRAMarar h\u00e9ldum \u00ed dag okkar fyrsta s\u00fapufund. Vi\u00f0 erum als\u00e6lir me\u00f0 \u00feennan fyrsta fund enda var m\u00e6tingin mj\u00f6g g\u00f3\u00f0.\u00a0 Okkur telst til a\u00f0 r\u00famlega 60 manns hafi m\u00e6tt og [&hellip;]<\/p>","protected":false},"author":4,"featured_media":9378,"comment_status":"open","ping_status":"open","sticky":false,"template":"","format":"standard","meta":{"_monsterinsights_skip_tracking":false,"_monsterinsights_sitenote_active":false,"_monsterinsights_sitenote_note":"","_monsterinsights_sitenote_category":0,"_jetpack_memberships_contains_paid_content":false,"footnotes":""},"categories":[8,10],"tags":[],"class_list":["post-9373","post","type-post","status-publish","format-standard","has-post-thumbnail","hentry","category-adalstjorn","category-frettir"],"jetpack_sharing_enabled":true,"jetpack_featured_media_url":"https:\/\/fram.is\/wp-content\/uploads\/2015\/01\/Vefur-g\u00f3\u00f0-scaled.jpg","_links":{"self":[{"href":"https:\/\/fram.is\/is\/wp-json\/wp\/v2\/posts\/9373","targetHints":{"allow":["GET"]}}],"collection":[{"href":"https:\/\/fram.is\/is\/wp-json\/wp\/v2\/posts"}],"about":[{"href":"https:\/\/fram.is\/is\/wp-json\/wp\/v2\/types\/post"}],"author":[{"embeddable":true,"href":"https:\/\/fram.is\/is\/wp-json\/wp\/v2\/users\/4"}],"replies":[{"embeddable":true,"href":"https:\/\/fram.is\/is\/wp-json\/wp\/v2\/comments?post=9373"}],"version-history":[{"count":0,"href":"https:\/\/fram.is\/is\/wp-json\/wp\/v2\/posts\/9373\/revisions"}],"wp:featuredmedia":[{"embeddable":true,"href":"https:\/\/fram.is\/is\/wp-json\/wp\/v2\/media\/9378"}],"wp:attachment":[{"href":"https:\/\/fram.is\/is\/wp-json\/wp\/v2\/media?parent=9373"}],"wp:term":[{"taxonomy":"category","embeddable":true,"href":"https:\/\/fram.is\/is\/wp-json\/wp\/v2\/categories?post=9373"},{"taxonomy":"post_tag","embeddable":true,"href":"https:\/\/fram.is\/is\/wp-json\/wp\/v2\/tags?post=9373"}],"curies":[{"name":"wp","href":"https:\/\/api.w.org\/{rel}","templated":true}]}}