{"id":9384,"date":"2015-01-30T16:27:10","date_gmt":"2015-01-30T16:27:10","guid":{"rendered":"http:\/\/fram.is\/?p=9384"},"modified":"2015-01-30T16:27:10","modified_gmt":"2015-01-30T16:27:10","slug":"juliana-dogg-valinn-i-aefingahop-islands-u17","status":"publish","type":"post","link":"https:\/\/fram.is\/is\/2015\/01\/30\/juliana-dogg-valinn-i-aefingahop-islands-u17\/","title":{"rendered":"J\u00fal\u00edana D\u00f6gg valinn \u00ed \u00e6fingah\u00f3p \u00cdslands U17"},"content":{"rendered":"<p><a href=\"http:\/\/fram.is\/wp-content\/uploads\/2014\/12\/IMG_2136.jpg\"><img fetchpriority=\"high\" decoding=\"async\" class=\"alignright size-medium wp-image-9001\" src=\"http:\/\/fram.is\/wp-content\/uploads\/2014\/12\/IMG_2136-300x200.jpg\" alt=\"IMG_2136\" width=\"300\" height=\"200\" \/><\/a>\u00dalfar Hinriksson, landsli\u00f0s\u00fej\u00e1lfari U17 kvenna, hefur vali\u00f0\u00a0 leikmannh\u00f3p \u00a0\u00e1 landsli\u00f0s\u00e6fingar U17 kvenna sem fram fara helgina 7. \u2013 8. febr\u00faar n\u00e6stkomandi. Vi\u00f0 FRAMarar erum stoltir af \u00fev\u00ed a\u00f0 eiga fulltr\u00faa \u00ed \u00feessum h\u00f3pi en \u00a0J\u00fal\u00edana D\u00f6gg Chipa \u00a0var valinn a\u00f0 \u00feessu sinni.<\/p>\n<p>Gangi \u00fe\u00e9r vel J\u00fal\u00edana.<\/p>\n<p>\u00c1FRAM\u00a0 FRAM<\/p>","protected":false},"excerpt":{"rendered":"<p>\u00dalfar Hinriksson, landsli\u00f0s\u00fej\u00e1lfari U17 kvenna, hefur vali\u00f0\u00a0 leikmannh\u00f3p \u00a0\u00e1 landsli\u00f0s\u00e6fingar U17 kvenna sem fram fara helgina 7. \u2013 8. febr\u00faar n\u00e6stkomandi. Vi\u00f0 FRAMarar erum stoltir af \u00fev\u00ed a\u00f0 eiga fulltr\u00faa [&hellip;]<\/p>","protected":false},"author":4,"featured_media":9002,"comment_status":"open","ping_status":"open","sticky":false,"template":"","format":"standard","meta":{"_monsterinsights_skip_tracking":false,"_monsterinsights_sitenote_active":false,"_monsterinsights_sitenote_note":"","_monsterinsights_sitenote_category":0,"_jetpack_memberships_contains_paid_content":false,"footnotes":""},"categories":[9,13],"tags":[],"class_list":["post-9384","post","type-post","status-publish","format-standard","has-post-thumbnail","hentry","category-fotbolti","category-yngriflokkar"],"jetpack_sharing_enabled":true,"jetpack_featured_media_url":"https:\/\/fram.is\/wp-content\/uploads\/2014\/12\/J\u00falianna-vefur-scaled.jpg","_links":{"self":[{"href":"https:\/\/fram.is\/is\/wp-json\/wp\/v2\/posts\/9384","targetHints":{"allow":["GET"]}}],"collection":[{"href":"https:\/\/fram.is\/is\/wp-json\/wp\/v2\/posts"}],"about":[{"href":"https:\/\/fram.is\/is\/wp-json\/wp\/v2\/types\/post"}],"author":[{"embeddable":true,"href":"https:\/\/fram.is\/is\/wp-json\/wp\/v2\/users\/4"}],"replies":[{"embeddable":true,"href":"https:\/\/fram.is\/is\/wp-json\/wp\/v2\/comments?post=9384"}],"version-history":[{"count":0,"href":"https:\/\/fram.is\/is\/wp-json\/wp\/v2\/posts\/9384\/revisions"}],"wp:featuredmedia":[{"embeddable":true,"href":"https:\/\/fram.is\/is\/wp-json\/wp\/v2\/media\/9002"}],"wp:attachment":[{"href":"https:\/\/fram.is\/is\/wp-json\/wp\/v2\/media?parent=9384"}],"wp:term":[{"taxonomy":"category","embeddable":true,"href":"https:\/\/fram.is\/is\/wp-json\/wp\/v2\/categories?post=9384"},{"taxonomy":"post_tag","embeddable":true,"href":"https:\/\/fram.is\/is\/wp-json\/wp\/v2\/tags?post=9384"}],"curies":[{"name":"wp","href":"https:\/\/api.w.org\/{rel}","templated":true}]}}