{"id":9389,"date":"2015-01-31T20:36:34","date_gmt":"2015-01-31T20:36:34","guid":{"rendered":"http:\/\/fram.is\/?p=9389"},"modified":"2015-01-31T20:36:34","modified_gmt":"2015-01-31T20:36:34","slug":"flottur-fram-sigur-i-eyjum-i-dag","status":"publish","type":"post","link":"https:\/\/fram.is\/is\/2015\/01\/31\/flottur-fram-sigur-i-eyjum-i-dag\/","title":{"rendered":"Flottur FRAM sigur \u00ed Eyjum \u00ed dag."},"content":{"rendered":"<div><a href=\"http:\/\/fram.is\/wp-content\/uploads\/2014\/12\/nadiabordon.jpg\"><img fetchpriority=\"high\" decoding=\"async\" class=\"alignright size-medium wp-image-9098\" src=\"http:\/\/fram.is\/wp-content\/uploads\/2014\/12\/nadiabordon-300x300.jpg\" alt=\"nadiabordon\" width=\"300\" height=\"300\" \/><\/a>Stelpurnar okkar \u00ed meistaraflokki \u00a0kvenna f\u00f3ru \u00ed dag til Vestmannaeyja og l\u00e9k vi\u00f0 \u00cdBV \u00ed Ol\u00eds-deildinni.<\/div>\n<div>\u00dea\u00f0 er skemmst fr\u00e1 \u00fev\u00ed a\u00f0 segja a\u00f0 FRAM st\u00falkur unnu \u00a0nokku\u00f0 \u00f6rugglega 26 &#8211; 18. Eftir \u00fev\u00ed sem Stef\u00e1n \u00fej\u00e1lfari sag\u00f0i eftir leik \u00ed stuttu samtali, \u00fe\u00e1 var \u00feetta finn leikur. \u00a0Fram spila\u00f0i f\u00edna v\u00f6rn og Nadia var\u00f0i vel \u00ed markinu.<\/div>\n<div>S\u00f3knin gekk lika vel sem skila\u00f0i s\u00e9r \u00a0\u00ed m\u00f6rkum \u00a0allssta\u00f0ar af vellinum.\u00a0Mj\u00f6g g\u00f3\u00f0ur sigur li\u00f0sheildarinnar \u00e1 einum erfi\u00f0asta \u00fativelli \u00e1 landsins. Greinilegt a\u00f0 li\u00f0i\u00f0 hefur svara\u00f0 kalli \u00fej\u00e1lfarans og okkar allra, enda vitum vi\u00f0 hva\u00f0 \u00feetta li\u00f0 getur \u00e1 g\u00f3\u00f0um degi. \u00a0Vel gert FRAM kisur.<strong>M\u00f6rk \u00cdBV:\u00a0<\/strong>Ester \u00d3skarsd\u00f3ttir 9, Vera Lopes 4, Dr\u00edfa \u00deorvaldsd\u00f3ttir 2, Telma Silva Amado, D\u00edana D\u00f6gg Magn\u00fasd\u00f3ttir og Kristr\u00fan \u00d3sk Hlynsd\u00f3ttir 1.<br \/>\n<strong>M\u00f6rk Fram:\u00a0<\/strong>Ragnhei\u00f0ur J\u00fal\u00edusd\u00f3ttir 6, El\u00edsabet Gunnarsd\u00f3ttir 6, Marthe S\u00f6rdal 4, Steinunn Bj\u00f6rnsd\u00f3ttir 3, Gu\u00f0r\u00fan \u00de\u00f3ra H\u00e1lfd\u00e1nsd\u00f3ttir 2, Sigurbj\u00f6rg J\u00f3hannsd\u00f3ttir 2, Hulda Dagsd\u00f3ttir 2 og Hekla R\u00fan \u00c1mundad\u00f3ttir 1.<\/p>\n<\/div>\n<div>N\u00e6sti leikur er \u00e1 laugardag gegn HK. Sj\u00e1umst \u00fe\u00e1.<\/p>\n<\/div>\n<div>\u00c1FRAM FRAM<\/div>\n<p>&nbsp;<\/p>","protected":false},"excerpt":{"rendered":"<p>Stelpurnar okkar \u00ed meistaraflokki \u00a0kvenna f\u00f3ru \u00ed dag til Vestmannaeyja og l\u00e9k vi\u00f0 \u00cdBV \u00ed Ol\u00eds-deildinni. \u00dea\u00f0 er skemmst fr\u00e1 \u00fev\u00ed a\u00f0 segja a\u00f0 FRAM st\u00falkur unnu \u00a0nokku\u00f0 \u00f6rugglega 26 [&hellip;]<\/p>","protected":false},"author":4,"featured_media":8566,"comment_status":"open","ping_status":"open","sticky":false,"template":"","format":"standard","meta":{"_monsterinsights_skip_tracking":false,"_monsterinsights_sitenote_active":false,"_monsterinsights_sitenote_note":"","_monsterinsights_sitenote_category":0,"_jetpack_memberships_contains_paid_content":false,"footnotes":""},"categories":[6,15],"tags":[],"class_list":["post-9389","post","type-post","status-publish","format-standard","has-post-thumbnail","hentry","category-handbolti","category-mfl-kvenna"],"jetpack_sharing_enabled":true,"jetpack_featured_media_url":"https:\/\/fram.is\/wp-content\/uploads\/2014\/10\/Sigur-gegn-Stj\u00f6rnunni-vefur-scaled.jpg","_links":{"self":[{"href":"https:\/\/fram.is\/is\/wp-json\/wp\/v2\/posts\/9389","targetHints":{"allow":["GET"]}}],"collection":[{"href":"https:\/\/fram.is\/is\/wp-json\/wp\/v2\/posts"}],"about":[{"href":"https:\/\/fram.is\/is\/wp-json\/wp\/v2\/types\/post"}],"author":[{"embeddable":true,"href":"https:\/\/fram.is\/is\/wp-json\/wp\/v2\/users\/4"}],"replies":[{"embeddable":true,"href":"https:\/\/fram.is\/is\/wp-json\/wp\/v2\/comments?post=9389"}],"version-history":[{"count":0,"href":"https:\/\/fram.is\/is\/wp-json\/wp\/v2\/posts\/9389\/revisions"}],"wp:featuredmedia":[{"embeddable":true,"href":"https:\/\/fram.is\/is\/wp-json\/wp\/v2\/media\/8566"}],"wp:attachment":[{"href":"https:\/\/fram.is\/is\/wp-json\/wp\/v2\/media?parent=9389"}],"wp:term":[{"taxonomy":"category","embeddable":true,"href":"https:\/\/fram.is\/is\/wp-json\/wp\/v2\/categories?post=9389"},{"taxonomy":"post_tag","embeddable":true,"href":"https:\/\/fram.is\/is\/wp-json\/wp\/v2\/tags?post=9389"}],"curies":[{"name":"wp","href":"https:\/\/api.w.org\/{rel}","templated":true}]}}