{"id":9416,"date":"2015-02-05T14:11:23","date_gmt":"2015-02-05T14:11:23","guid":{"rendered":"http:\/\/fram.is\/?p=9416"},"modified":"2015-02-05T14:11:23","modified_gmt":"2015-02-05T14:11:23","slug":"hulda-dagsdottir-gerir-nyjan-samning-vid-fram","status":"publish","type":"post","link":"https:\/\/fram.is\/is\/2015\/02\/05\/hulda-dagsdottir-gerir-nyjan-samning-vid-fram\/","title":{"rendered":"Hulda Dagsd\u00f3ttir gerir n\u00fdjan samning vi\u00f0 FRAM"},"content":{"rendered":"<p><strong><a href=\"http:\/\/fram.is\/wp-content\/uploads\/2015\/02\/Hulda-og-stefan.jpg\"><img fetchpriority=\"high\" decoding=\"async\" class=\"alignright size-large wp-image-9417\" src=\"http:\/\/fram.is\/wp-content\/uploads\/2015\/02\/Hulda-og-stefan-1024x768.jpg\" alt=\"Hulda og stefan\" width=\"460\" height=\"345\" \/><\/a>Handknattleiksdeild FRAM hefur gengi\u00f0 fr\u00e1 n\u00fdjum samningi vi\u00f0 Huldu Dagsd\u00f3ttur.<br \/>\nSamningurinn er til tveggja \u00e1ra og gildir fram \u00e1 vor 2017.\u00a0 Handknattleiksdeild FRAM hefur \u00fev\u00ed tryggt s\u00e9r krafta \u00feessa unga og efnilega leikmanns sem leikur \u00ed st\u00f6\u00f0u skyttu og leikstj\u00f3rnanda.<br \/>\n<\/strong><strong>Hulda er einungis 17 \u00e1ra og hefur \u00e1tt fast s\u00e6ti \u00ed meistaraflokki kvenna \u00ed vetur og hefur hlutverk hennar \u00ed li\u00f0inu fari\u00f0 vaxandi eftir \u00fev\u00ed sem \u00e1 veturinn hefur li\u00f0i\u00f0.\u00a0 H\u00fan er einnig ein af bur\u00f0ar\u00e1sum 3. flokks kvenna hj\u00e1 f\u00e9laginu.<br \/>\n<\/strong><strong>Hulda hefur \u00e1tt fast s\u00e6ti \u00ed yngri landsli\u00f0um HS\u00cd undanfarin \u00e1r og var n\u00fdlega valinn \u00ed \u00e6fingah\u00f3p \u00a0U\u201319 landsli\u00f0s HS\u00cd vegna undankeppni EM sem fram fer \u00ed apr\u00edl n.k.\u00a0<\/strong><strong>Hulda hefur veri\u00f0 me\u00f0 \u00ed \u00f6llum 15 leikjum meistaraflokks kvenna \u00ed OL\u00cdS deildinni \u00ed vetur og skora\u00f0 \u00ed \u00feeim 20 m\u00f6rk.<\/strong><\/p>\n<p><strong>\u00a0<\/strong><strong>\u00deessi samningur er miki\u00f0 fagna\u00f0arefni fyrir Handknattleiksdeild FRAM.<\/strong><\/p>\n<p><strong>\u00a0<\/strong><\/p>","protected":false},"excerpt":{"rendered":"<p>Handknattleiksdeild FRAM hefur gengi\u00f0 fr\u00e1 n\u00fdjum samningi vi\u00f0 Huldu Dagsd\u00f3ttur. Samningurinn er til tveggja \u00e1ra og gildir fram \u00e1 vor 2017.\u00a0 Handknattleiksdeild FRAM hefur \u00fev\u00ed tryggt s\u00e9r krafta \u00feessa unga [&hellip;]<\/p>","protected":false},"author":4,"featured_media":9418,"comment_status":"open","ping_status":"open","sticky":false,"template":"","format":"standard","meta":{"_monsterinsights_skip_tracking":false,"_monsterinsights_sitenote_active":false,"_monsterinsights_sitenote_note":"","_monsterinsights_sitenote_category":0,"_jetpack_memberships_contains_paid_content":false,"footnotes":""},"categories":[6,15],"tags":[],"class_list":["post-9416","post","type-post","status-publish","format-standard","has-post-thumbnail","hentry","category-handbolti","category-mfl-kvenna"],"jetpack_sharing_enabled":true,"jetpack_featured_media_url":"https:\/\/fram.is\/wp-content\/uploads\/2015\/02\/Hulda-og-stefan-vefur-scaled.jpg","_links":{"self":[{"href":"https:\/\/fram.is\/is\/wp-json\/wp\/v2\/posts\/9416","targetHints":{"allow":["GET"]}}],"collection":[{"href":"https:\/\/fram.is\/is\/wp-json\/wp\/v2\/posts"}],"about":[{"href":"https:\/\/fram.is\/is\/wp-json\/wp\/v2\/types\/post"}],"author":[{"embeddable":true,"href":"https:\/\/fram.is\/is\/wp-json\/wp\/v2\/users\/4"}],"replies":[{"embeddable":true,"href":"https:\/\/fram.is\/is\/wp-json\/wp\/v2\/comments?post=9416"}],"version-history":[{"count":0,"href":"https:\/\/fram.is\/is\/wp-json\/wp\/v2\/posts\/9416\/revisions"}],"wp:featuredmedia":[{"embeddable":true,"href":"https:\/\/fram.is\/is\/wp-json\/wp\/v2\/media\/9418"}],"wp:attachment":[{"href":"https:\/\/fram.is\/is\/wp-json\/wp\/v2\/media?parent=9416"}],"wp:term":[{"taxonomy":"category","embeddable":true,"href":"https:\/\/fram.is\/is\/wp-json\/wp\/v2\/categories?post=9416"},{"taxonomy":"post_tag","embeddable":true,"href":"https:\/\/fram.is\/is\/wp-json\/wp\/v2\/tags?post=9416"}],"curies":[{"name":"wp","href":"https:\/\/api.w.org\/{rel}","templated":true}]}}