{"id":9463,"date":"2015-02-12T10:15:19","date_gmt":"2015-02-12T10:15:19","guid":{"rendered":"http:\/\/fram.is\/?p=9463"},"modified":"2015-02-12T10:15:19","modified_gmt":"2015-02-12T10:15:19","slug":"stelpurnar-okkar-i-mfl-kvenna-lagdar-afstad-til-serbiu","status":"publish","type":"post","link":"https:\/\/fram.is\/is\/2015\/02\/12\/stelpurnar-okkar-i-mfl-kvenna-lagdar-afstad-til-serbiu\/","title":{"rendered":"Stelpurnar okkar \u00ed mfl. kvenna lag\u00f0ar afsta\u00f0 til Serb\u00edu"},"content":{"rendered":"<p><a href=\"http:\/\/fram.is\/wp-content\/uploads\/2014\/12\/Deildarmeistarar.jpg\"><img fetchpriority=\"high\" decoding=\"async\" class=\"alignright size-medium wp-image-9180\" src=\"http:\/\/fram.is\/wp-content\/uploads\/2014\/12\/Deildarmeistarar-300x199.jpg\" alt=\"Deildarmeistarar\" width=\"300\" height=\"199\" \/><\/a>Stelpurnar okkar \u00ed Mfl. kvenna \u00ed handbolta h\u00e9ldu \u00ed morgun \u00e1lei\u00f0is til Serb\u00edu en \u00fear leikur li\u00f0i\u00f0 tvo leiki vi\u00f0 ZRK Naisa Nis \u00ed \u00c1skorendakeppni Evr\u00f3pu um helgina.\u00a0 Tekin var s\u00fa \u00e1kv\u00f6r\u00f0un a\u00f0 leika b\u00e1\u00f0a leikina ytra og \u00fev\u00ed lj\u00f3st a\u00f0 \u00fea\u00f0 g\u00e6ti veri\u00f0 erfitt fyrir stelpurnar a\u00f0 komast \u00e1fram \u00ed keppninni.\u00a0 Fr\u00e9ttaritari FRAM veit l\u00edti\u00f0 um li\u00f0i\u00f0 sem vi\u00f0 leikum vi\u00f0 en Stef\u00e1n \u00fej\u00e1lfari er b\u00fainn a\u00f0 kynna s\u00e9r m\u00e1li\u00f0 enda reyndur \u00ed \u00feessum efnum.\u00a0 Leiki\u00f0 ver\u00f0ur \u00ed borginni Nis \u00a0sem er \u00feri\u00f0ja st\u00e6rsta borg Serb\u00edu og fara leikirnir fram \u00e1 laugardag og sunnudag kl. 17:00 a\u00f0 \u00edslenskum t\u00edma.\u00a0 Vi\u00f0 munum reyna a\u00f0 setja inn \u00a0einhverjar uppl\u00fdsingar um \u00farslit og ef til vill pistil um leikina eftir \u00fev\u00ed sem vi\u00f0 f\u00e1um uppl\u00fdsingar fr\u00e1 Serb\u00edu.\u00a0 Gangi ykkur vel stelpur.<\/p>\n<p>\u00c1FRAM FRAM<\/p>","protected":false},"excerpt":{"rendered":"<p>Stelpurnar okkar \u00ed Mfl. kvenna \u00ed handbolta h\u00e9ldu \u00ed morgun \u00e1lei\u00f0is til Serb\u00edu en \u00fear leikur li\u00f0i\u00f0 tvo leiki vi\u00f0 ZRK Naisa Nis \u00ed \u00c1skorendakeppni Evr\u00f3pu um helgina.\u00a0 Tekin var [&hellip;]<\/p>","protected":false},"author":4,"featured_media":8566,"comment_status":"open","ping_status":"open","sticky":false,"template":"","format":"standard","meta":{"_monsterinsights_skip_tracking":false,"_monsterinsights_sitenote_active":false,"_monsterinsights_sitenote_note":"","_monsterinsights_sitenote_category":0,"_jetpack_memberships_contains_paid_content":false,"footnotes":""},"categories":[6,15],"tags":[],"class_list":["post-9463","post","type-post","status-publish","format-standard","has-post-thumbnail","hentry","category-handbolti","category-mfl-kvenna"],"jetpack_sharing_enabled":true,"jetpack_featured_media_url":"https:\/\/fram.is\/wp-content\/uploads\/2014\/10\/Sigur-gegn-Stj\u00f6rnunni-vefur-scaled.jpg","_links":{"self":[{"href":"https:\/\/fram.is\/is\/wp-json\/wp\/v2\/posts\/9463","targetHints":{"allow":["GET"]}}],"collection":[{"href":"https:\/\/fram.is\/is\/wp-json\/wp\/v2\/posts"}],"about":[{"href":"https:\/\/fram.is\/is\/wp-json\/wp\/v2\/types\/post"}],"author":[{"embeddable":true,"href":"https:\/\/fram.is\/is\/wp-json\/wp\/v2\/users\/4"}],"replies":[{"embeddable":true,"href":"https:\/\/fram.is\/is\/wp-json\/wp\/v2\/comments?post=9463"}],"version-history":[{"count":0,"href":"https:\/\/fram.is\/is\/wp-json\/wp\/v2\/posts\/9463\/revisions"}],"wp:featuredmedia":[{"embeddable":true,"href":"https:\/\/fram.is\/is\/wp-json\/wp\/v2\/media\/8566"}],"wp:attachment":[{"href":"https:\/\/fram.is\/is\/wp-json\/wp\/v2\/media?parent=9463"}],"wp:term":[{"taxonomy":"category","embeddable":true,"href":"https:\/\/fram.is\/is\/wp-json\/wp\/v2\/categories?post=9463"},{"taxonomy":"post_tag","embeddable":true,"href":"https:\/\/fram.is\/is\/wp-json\/wp\/v2\/tags?post=9463"}],"curies":[{"name":"wp","href":"https:\/\/api.w.org\/{rel}","templated":true}]}}