{"id":9514,"date":"2015-02-18T14:01:25","date_gmt":"2015-02-18T14:01:25","guid":{"rendered":"http:\/\/fram.is\/?p=9514"},"modified":"2015-02-18T14:01:25","modified_gmt":"2015-02-18T14:01:25","slug":"stefan-darri-thorsson-a-leid-i-adgerd","status":"publish","type":"post","link":"https:\/\/fram.is\/is\/2015\/02\/18\/stefan-darri-thorsson-a-leid-i-adgerd\/","title":{"rendered":"Stef\u00e1n Darri \u00de\u00f3rsson \u00e1 lei\u00f0 \u00ed a\u00f0ger\u00f0"},"content":{"rendered":"<p><a href=\"http:\/\/fram.is\/wp-content\/uploads\/2014\/11\/stefandarri.jpg\"><img fetchpriority=\"high\" decoding=\"async\" class=\"alignright size-medium wp-image-8798\" src=\"http:\/\/fram.is\/wp-content\/uploads\/2014\/11\/stefandarri-300x300.jpg\" alt=\"stefandarri\" width=\"300\" height=\"300\" \/><\/a>\u00dea\u00f0 \u00e1 ekki af okkur a\u00f0 ganga \u00ed handboltanum.\u00a0 N\u00fa hefur komi\u00f0 \u00ed lj\u00f3s a\u00f0 Stef\u00e1n Darri \u00de\u00f3rsson leikma\u00f0ur mfl.ka. mun ekki leika meira me\u00f0 li\u00f0inu \u00e1 \u00feessari leikt\u00ed\u00f0.\u00a0 Stef\u00e1n Darri sem braut ristarbein \u00ed n\u00f3vember og var allir a\u00f0 koma til enda gr\u00e9ri broti\u00f0 vel.\u00a0 Brot sem \u00feessi eru reyndar erfi\u00f0 vi\u00f0ureignar og \u00ed s\u00ed\u00f0asta leik gegn HK\u00a0 hr\u00f6kk \u00fea\u00f0 svo \u00ed sundur aftur. \u00a0\u00dea\u00f0 er \u00fev\u00ed lj\u00f3st a\u00f0 drengurinn \u00fearf a\u00f0 fara \u00ed a\u00f0ger\u00f0 \u00fear sem broti\u00f0 ver\u00f0ur skr\u00fafa\u00f0 saman. \u00dea\u00f0 er \u00fev\u00ed afar \u00f3l\u00edklegt a\u00f0 hann leiki fleiri leiki me\u00f0 FRAM \u00ed vetur.\u00a0 \u00deetta er miki\u00f0 \u00e1fall fyrir FRAM og Stef\u00e1n Darra sem hefur veri\u00f0 miki\u00f0 fr\u00e1 \u00ed vetur vegna mei\u00f0sla.<br \/>\nVi\u00f0 sendu Stef\u00e1ni Darra bata kve\u00f0jur og \u00a0vonumst eftir a\u00f0 sj\u00e1 hann endurn\u00e6r\u00f0an \u00e1 parketinu \u00ed haust.<\/p>\n<p>\u00c1FRAM FRAM<\/p>","protected":false},"excerpt":{"rendered":"<p>\u00dea\u00f0 \u00e1 ekki af okkur a\u00f0 ganga \u00ed handboltanum.\u00a0 N\u00fa hefur komi\u00f0 \u00ed lj\u00f3s a\u00f0 Stef\u00e1n Darri \u00de\u00f3rsson leikma\u00f0ur mfl.ka. mun ekki leika meira me\u00f0 li\u00f0inu \u00e1 \u00feessari leikt\u00ed\u00f0.\u00a0 Stef\u00e1n [&hellip;]<\/p>","protected":false},"author":4,"featured_media":8714,"comment_status":"open","ping_status":"open","sticky":false,"template":"","format":"standard","meta":{"_monsterinsights_skip_tracking":false,"_monsterinsights_sitenote_active":false,"_monsterinsights_sitenote_note":"","_monsterinsights_sitenote_category":0,"_jetpack_memberships_contains_paid_content":false,"footnotes":""},"categories":[6,19],"tags":[],"class_list":["post-9514","post","type-post","status-publish","format-standard","has-post-thumbnail","hentry","category-handbolti","category-mfl-karla"],"jetpack_sharing_enabled":true,"jetpack_featured_media_url":"https:\/\/fram.is\/wp-content\/uploads\/2014\/11\/Stef\u00e1n-Darri-FH-vefur.jpg","_links":{"self":[{"href":"https:\/\/fram.is\/is\/wp-json\/wp\/v2\/posts\/9514","targetHints":{"allow":["GET"]}}],"collection":[{"href":"https:\/\/fram.is\/is\/wp-json\/wp\/v2\/posts"}],"about":[{"href":"https:\/\/fram.is\/is\/wp-json\/wp\/v2\/types\/post"}],"author":[{"embeddable":true,"href":"https:\/\/fram.is\/is\/wp-json\/wp\/v2\/users\/4"}],"replies":[{"embeddable":true,"href":"https:\/\/fram.is\/is\/wp-json\/wp\/v2\/comments?post=9514"}],"version-history":[{"count":0,"href":"https:\/\/fram.is\/is\/wp-json\/wp\/v2\/posts\/9514\/revisions"}],"wp:featuredmedia":[{"embeddable":true,"href":"https:\/\/fram.is\/is\/wp-json\/wp\/v2\/media\/8714"}],"wp:attachment":[{"href":"https:\/\/fram.is\/is\/wp-json\/wp\/v2\/media?parent=9514"}],"wp:term":[{"taxonomy":"category","embeddable":true,"href":"https:\/\/fram.is\/is\/wp-json\/wp\/v2\/categories?post=9514"},{"taxonomy":"post_tag","embeddable":true,"href":"https:\/\/fram.is\/is\/wp-json\/wp\/v2\/tags?post=9514"}],"curies":[{"name":"wp","href":"https:\/\/api.w.org\/{rel}","templated":true}]}}