{"id":9531,"date":"2015-02-20T21:15:34","date_gmt":"2015-02-20T21:15:34","guid":{"rendered":"http:\/\/fram.is\/?p=9531"},"modified":"2015-02-20T21:15:34","modified_gmt":"2015-02-20T21:15:34","slug":"tap-i-eyjum","status":"publish","type":"post","link":"https:\/\/fram.is\/is\/2015\/02\/20\/tap-i-eyjum\/","title":{"rendered":"Tap \u00ed eyjum"},"content":{"rendered":"<p><a href=\"http:\/\/fram.is\/wp-content\/uploads\/2014\/09\/Gar\u00f0ar-\u00e1-l\u00ednunni-FH.jpg\"><img fetchpriority=\"high\" decoding=\"async\" class=\"alignright size-medium wp-image-8310\" src=\"http:\/\/fram.is\/wp-content\/uploads\/2014\/09\/Gar\u00f0ar-\u00e1-l\u00ednunni-FH-300x300.jpg\" alt=\"Gar\u00f0ar \u00e1 l\u00ednunni FH\" width=\"300\" height=\"300\" \/><\/a>Str\u00e1karnir okkar \u00ed handboltanum flugu \u00ed dag til eyja \u00fear sem \u00feeir \u00f6ttu \u00a0kappi vi\u00f0 eyjamenn \u00ed Ol\u00eds deildinni. Vi\u00f0 l\u00e9kum vi\u00f0 Eyjamenn \u00ed s\u00ed\u00f0ustu viku \u00fear sem li\u00f0in skiptust \u00e1 skiptan hlut \u00ed FRAMh\u00fasi.<br \/>\n\u00dev\u00ed var fr\u00f3\u00f0legt a\u00f0 sj\u00e1 hvernig okkar menn myndu m\u00e6ta til leiks \u00ed kv\u00f6ld \u00fear sem \u00feeir voru hreinlega klaufar a\u00f0 kl\u00e1ra ekki leikinn\u00a0 gegn \u00cdBV \u00ed s\u00ed\u00f0ustu viku og unnu sannf\u00e6randi \u00ed eyjum f. J\u00f3l.<br \/>\nVi\u00f0 FRAMarar hef\u00f0um \u00fev\u00ed \u00e1tt a\u00f0 m\u00e6ta algj\u00f6rlega fullir sj\u00e1lfstrausts \u00ed leikinn. Vi\u00f0 \u00a0byrju\u00f0um hins vegar \u00a0leikinn illa, leikurinn \u00ed kv\u00f6ld spila\u00f0ist d\u00e1l\u00edt\u00f0 svipa\u00f0 og \u00ed \u00a0s\u00ed\u00f0ustu viku, \u00a0ekki miki\u00f0 skora\u00f0 sta\u00f0an eftir 15 m\u00edn 4-4 sem er heinlega merkilegt.\u00a0 En eftir \u00fea\u00f0 t\u00f3ku eyjamenn v\u00f6ldin og sta\u00f0an \u00ed h\u00e1lfleik var 13-8. \u00dea\u00f0 var eins og vi\u00f0 hef\u00f0um misst tr\u00fana.<br \/>\nVi\u00f0 byrju\u00f0um \u00fe\u00f3 seinni h\u00e1lfleikinn \u00feokkalega og sta\u00f0an eftir 37 m\u00edn 13-11 en \u00fe\u00e1 hrundi leikur okkar algj\u00f6rlega, sta\u00f0an eftir 40 m\u00edn 17-11. Eftir \u00fea\u00f0 var eins og vi\u00f0 \u00e6tlu\u00f0um ekki a\u00f0 leggja meira \u00ed leikinn \u00fev\u00ed eyjamenn gengu \u00e1 lagi\u00f0 og sta\u00f0an eftir 50 m\u00edn var 23-15. \u00dea\u00f0 var ekki einu sinni vi\u00f0leitni \u00fea\u00f0 sem eftir lif\u00f0i h\u00e1lfleiksins og lokat\u00f6lur \u00ed kv\u00f6ld 30-18. Alls ekki \u00e1s\u00e6ttanleg \u00farslit drengir.<br \/>\n\u00dea\u00f0 ver\u00f0ur a\u00f0 segja a\u00f0 li\u00f0i\u00f0 var ekki a\u00f0 leika vel \u00ed kv\u00f6ld og kannski er sj\u00e1lfstrausti\u00f0 ekki upp \u00e1 marga fiska eins og er, en \u00feessir drengir sem vi\u00f0 eigum eru \u00ed raun magna\u00f0ir.\u00a0 N\u00fa \u00feurfa \u00feeir bara a\u00f0 hugsa a\u00f0eins inn \u00e1 vi\u00f0 og taka sig taki. \u00dea\u00f0 mun enginn leikma\u00f0ur sem er meiddur leika fyrir \u00fe\u00e1 leikina og \u00fe\u00e1 \u00feurfa leikmenn a\u00f0 st\u00edga upp og l\u00e1ta til s\u00edn taka.\u00a0 \u00deeir leikmenn sem leika hverju sinni eru \u00feeir mikilv\u00e6gustu hverjju sinni og \u00fea\u00f0 gefur ungum\/g\u00f6mlum leikm\u00f6nnum t\u00e6kif\u00e6ri, \u00fea\u00f0 ver\u00f0a allir a\u00f0 leggja allt sem \u00feeir eiga \u00ed verkefnin sem eftir eru. Af \u00fev\u00ed ver\u00f0a \u00feeir d\u00e6mdir \u00e1 n\u00e6stu \u00e1rum, \u00fea\u00f0 \u00fe\u00fd\u00f0ir \u00ed raun ekkert a\u00f0 benda \u00e1 neinn nema sj\u00e1lfan sig \u00feegar fari\u00f0 er yfir \u00e1rangur \u00e1rsins.\u00a0 Muni\u00f0 mig um \u00fea\u00f0.<br \/>\nN\u00fa \u00feurfa menn a\u00f0 hv\u00edla sig a\u00f0eins og endurmeta hug sinn fyrir n\u00e6stu leiki, hver leikur n\u00fana er \u00ed raun \u00farslitaleikur um s\u00e6ti \u00ed efstu deild og ef \u00e9g man r\u00e9tt \u00fe\u00e1 eru okkar leikmenn vanir \u00fev\u00ed a\u00f0 vinna loka leiki. Str\u00e1kar n\u00fa \u00feurfi\u00f0 \u00fei\u00f0 allir a\u00f0 sn\u00faa b\u00f6kum saman og m\u00e6ta algj\u00f6rlega magna\u00f0ir \u00ed n\u00e6sta leik sem er \u00e1 heimavelli\u00a0 1. mars gegn Akureyri. Vi\u00f0 FRAMarar munum m\u00e6ta og sty\u00f0ja ykkur, standa me\u00f0 ykkur alla lei\u00f0, \u00e9g mun allavega m\u00e6ta, hva\u00f0 um \u00feig FRAMari g\u00f3\u00f0ur !\u00a0 Sj\u00e1umst \u00ed FRAMh\u00fasi.<\/p>\n<p>\u00c1FRAM FRAM<\/p>","protected":false},"excerpt":{"rendered":"<p>Str\u00e1karnir okkar \u00ed handboltanum flugu \u00ed dag til eyja \u00fear sem \u00feeir \u00f6ttu \u00a0kappi vi\u00f0 eyjamenn \u00ed Ol\u00eds deildinni. Vi\u00f0 l\u00e9kum vi\u00f0 Eyjamenn \u00ed s\u00ed\u00f0ustu viku \u00fear sem li\u00f0in skiptust [&hellip;]<\/p>","protected":false},"author":4,"featured_media":8824,"comment_status":"open","ping_status":"open","sticky":false,"template":"","format":"standard","meta":{"_monsterinsights_skip_tracking":false,"_monsterinsights_sitenote_active":false,"_monsterinsights_sitenote_note":"","_monsterinsights_sitenote_category":0,"_jetpack_memberships_contains_paid_content":false,"footnotes":""},"categories":[6,19],"tags":[],"class_list":["post-9531","post","type-post","status-publish","format-standard","has-post-thumbnail","hentry","category-handbolti","category-mfl-karla"],"jetpack_sharing_enabled":true,"jetpack_featured_media_url":"https:\/\/fram.is\/wp-content\/uploads\/2014\/11\/krist\u00f3fer-vefur.jpg","_links":{"self":[{"href":"https:\/\/fram.is\/is\/wp-json\/wp\/v2\/posts\/9531","targetHints":{"allow":["GET"]}}],"collection":[{"href":"https:\/\/fram.is\/is\/wp-json\/wp\/v2\/posts"}],"about":[{"href":"https:\/\/fram.is\/is\/wp-json\/wp\/v2\/types\/post"}],"author":[{"embeddable":true,"href":"https:\/\/fram.is\/is\/wp-json\/wp\/v2\/users\/4"}],"replies":[{"embeddable":true,"href":"https:\/\/fram.is\/is\/wp-json\/wp\/v2\/comments?post=9531"}],"version-history":[{"count":0,"href":"https:\/\/fram.is\/is\/wp-json\/wp\/v2\/posts\/9531\/revisions"}],"wp:featuredmedia":[{"embeddable":true,"href":"https:\/\/fram.is\/is\/wp-json\/wp\/v2\/media\/8824"}],"wp:attachment":[{"href":"https:\/\/fram.is\/is\/wp-json\/wp\/v2\/media?parent=9531"}],"wp:term":[{"taxonomy":"category","embeddable":true,"href":"https:\/\/fram.is\/is\/wp-json\/wp\/v2\/categories?post=9531"},{"taxonomy":"post_tag","embeddable":true,"href":"https:\/\/fram.is\/is\/wp-json\/wp\/v2\/tags?post=9531"}],"curies":[{"name":"wp","href":"https:\/\/api.w.org\/{rel}","templated":true}]}}