{"id":960,"date":"2012-12-07T12:04:27","date_gmt":"2012-12-07T12:04:27","guid":{"rendered":"http:\/\/fram.is\/?p=960"},"modified":"2012-12-07T12:04:27","modified_gmt":"2012-12-07T12:04:27","slug":"4-stelpur-fra-fram-i-landslidum-islands-i-fotbolta-og-handbolta","status":"publish","type":"post","link":"https:\/\/fram.is\/is\/2012\/12\/07\/4-stelpur-fra-fram-i-landslidum-islands-i-fotbolta-og-handbolta\/","title":{"rendered":"4 stelpur fr\u00e1 FRAM \u00ed landsli\u00f0um \u00cdslands \u00ed f\u00f3tbolta og handbolta"},"content":{"rendered":"<p><a href=\"http:\/\/wp.fram.is\/2012\/12\/4-stelpur-fra-fram-i-landslidum-islands-i-fotbolta-og-handbolta\/framkakan-a-vefinn\/\" rel=\"attachment wp-att-1285\"><img fetchpriority=\"high\" decoding=\"async\" src=\"http:\/\/wp.fram.is\/wp-content\/uploads\/2012\/12\/Framkakan-\u00e1-vefinn.jpg\" alt=\"Framkakan-\u00e1-vefinn\" width=\"580\" height=\"290\" class=\"alignnone size-full wp-image-1285\" srcset=\"https:\/\/fram.is\/wp-content\/uploads\/2012\/12\/Framkakan-\u00e1-vefinn.jpg 580w, https:\/\/fram.is\/wp-content\/uploads\/2012\/12\/Framkakan-\u00e1-vefinn-300x150.jpg 300w\" sizes=\"(max-width: 580px) 100vw, 580px\" \/><\/a><br \/>\n<a href=\"http:\/\/wp.fram.is\/2012\/12\/4-stelpur-fra-fram-i-landslidum-islands-i-fotbolta-og-handbolta\/verdlaunahafar-fotbolta-2012\/\" rel=\"attachment wp-att-1268\"><img decoding=\"async\" src=\"http:\/\/wp.fram.is\/wp-content\/uploads\/2012\/12\/Ver\u00f0launahafar-f\u00f3tbolta-2012.jpg\" alt=\"Ver\u00f0launahafar-f\u00f3tbolta-2012\" width=\"2792\" height=\"1396\" class=\"alignnone size-full wp-image-1268\" \/><\/a><br \/>\n<a href=\"http:\/\/fram.is\/is\/2012\/12\/4-stelpur-fra-fram-i-landslidum-islands-i-fotbolta-og-handbolta\/framkakan-a-vefinn\/\" rel=\"attachment wp-att-962\"><img decoding=\"async\" class=\"alignright size-medium wp-image-962\" title=\"Framkakan \u00e1 vefinn\" src=\"http:\/\/fram.is\/uploads\/2012\/12\/Framkakan-\u00e1-vefinn-300x150.jpg\" alt=\"\" width=\"300\" height=\"150\" \/><\/a>Valin hefur veri\u00f0 22 manna h\u00f3pur, h\u00f3purinn mun \u00e6fa milli j\u00f3la og n\u00fd\u00e1rs en\u00a0 U17 \u00e1ra landsli\u00f0i\u00f0 undirb\u00fdr sig fyrir undankeppni EM sem haldin ver\u00f0ur \u00ed mars \u00e1 n\u00e6sta \u00e1ri.<\/p>\n<p>Vi\u00f0 FRAMarar eru stoltir af \u00fev\u00ed a\u00f0 eiga 3 stelpur \u00ed \u00feessum flotta h\u00f3pi.\u00a0 \u00de\u00e6r eru<\/p>\n<p>Gu\u00f0r\u00fan Jenn\u00fd Sigur\u00f0ard\u00f3ttir &#8211; Fram<\/p>\n<p>Hafd\u00eds Lilja Torfad\u00f3ttir &#8211; Fram<\/p>\n<p>Ragnhei\u00f0ur J\u00fal\u00edusd\u00f3ttir &#8211; Fram<\/p>\n<p>Um komandi helgi fara svo\u00a0 fram landsli\u00f0s\u00e6fingar hj\u00e1 \u00feremur landsli\u00f0um kvenna, U16, U17 og U19 \u00ed f\u00f3tbolta.<\/p>\n<p>Vi\u00f0 FRAMarar eru einnig s\u00e9rlega stoltir af \u00fev\u00ed a\u00f0 eiga st\u00falku \u00ed \u00feeim h\u00f3pi en Alda Karen J\u00f3nsd\u00f3ttir Fram hefur veri\u00f0 valinn \u00ed U-16 \u00e1ra h\u00f3pinn a\u00f0 \u00feessu sinni.<\/p>\n<p>&nbsp;<\/p>\n<p>Gangi ykkur vel stelpur !<\/p>","protected":false},"excerpt":{"rendered":"<p>Valin hefur veri\u00f0 22 manna h\u00f3pur, h\u00f3purinn mun \u00e6fa milli j\u00f3la og n\u00fd\u00e1rs en\u00a0 U17 \u00e1ra landsli\u00f0i\u00f0 undirb\u00fdr sig fyrir undankeppni EM sem haldin ver\u00f0ur \u00ed mars \u00e1 n\u00e6sta \u00e1ri. [&hellip;]<\/p>","protected":false},"author":4,"featured_media":1285,"comment_status":"open","ping_status":"open","sticky":false,"template":"","format":"standard","meta":{"_monsterinsights_skip_tracking":false,"_monsterinsights_sitenote_active":false,"_monsterinsights_sitenote_note":"","_monsterinsights_sitenote_category":0,"_jetpack_memberships_contains_paid_content":false,"footnotes":""},"categories":[7,6,9,13],"tags":[],"class_list":["post-960","post","type-post","status-publish","format-standard","has-post-thumbnail","hentry","category-yngri-flokkar","category-handbolti","category-fotbolti","category-yngriflokkar"],"jetpack_sharing_enabled":true,"jetpack_featured_media_url":"https:\/\/fram.is\/wp-content\/uploads\/2012\/12\/Framkakan-\u00e1-vefinn.jpg","_links":{"self":[{"href":"https:\/\/fram.is\/is\/wp-json\/wp\/v2\/posts\/960","targetHints":{"allow":["GET"]}}],"collection":[{"href":"https:\/\/fram.is\/is\/wp-json\/wp\/v2\/posts"}],"about":[{"href":"https:\/\/fram.is\/is\/wp-json\/wp\/v2\/types\/post"}],"author":[{"embeddable":true,"href":"https:\/\/fram.is\/is\/wp-json\/wp\/v2\/users\/4"}],"replies":[{"embeddable":true,"href":"https:\/\/fram.is\/is\/wp-json\/wp\/v2\/comments?post=960"}],"version-history":[{"count":0,"href":"https:\/\/fram.is\/is\/wp-json\/wp\/v2\/posts\/960\/revisions"}],"wp:featuredmedia":[{"embeddable":true,"href":"https:\/\/fram.is\/is\/wp-json\/wp\/v2\/media\/1285"}],"wp:attachment":[{"href":"https:\/\/fram.is\/is\/wp-json\/wp\/v2\/media?parent=960"}],"wp:term":[{"taxonomy":"category","embeddable":true,"href":"https:\/\/fram.is\/is\/wp-json\/wp\/v2\/categories?post=960"},{"taxonomy":"post_tag","embeddable":true,"href":"https:\/\/fram.is\/is\/wp-json\/wp\/v2\/tags?post=960"}],"curies":[{"name":"wp","href":"https:\/\/api.w.org\/{rel}","templated":true}]}}