{"id":9743,"date":"2015-03-18T16:06:59","date_gmt":"2015-03-18T16:06:59","guid":{"rendered":"http:\/\/fram.is\/?p=9743"},"modified":"2015-03-18T16:06:59","modified_gmt":"2015-03-18T16:06:59","slug":"unglingadomaranamskeid-hja-knattspyrnudeild-fram","status":"publish","type":"post","link":"https:\/\/fram.is\/is\/2015\/03\/18\/unglingadomaranamskeid-hja-knattspyrnudeild-fram\/","title":{"rendered":"Unglingad\u00f3maran\u00e1mskei\u00f0 hj\u00e1 knattspyrnudeild FRAM"},"content":{"rendered":"<p>\u00c1 hverju \u00e1ri heldur Knattspyrnuf\u00e9lagi\u00f0 FRAM, \u00ed samstarfi vi\u00f0 KS\u00cd, <a href=\"http:\/\/www.ksi.is\/domaramal\/nr\/12463\" target=\"_blank\" rel=\"noopener\">unglingad\u00f3maran\u00e1mskei\u00f0<\/a> sem \u00ed \u00e1r ver\u00f0ur haldi\u00f0 \u00feann <strong>26. mars nk. kl. 19:30 \u00ed \u00dalfars\u00e1rdalnum<\/strong>.<\/p>\n<p>N\u00e1mskei\u00f0i\u00f0 stendur \u00ed um tv\u00e6r og h\u00e1lfa klukkustund og er \u00f6llum opi\u00f0 sem n\u00e1\u00f0 hafa 15 \u00e1ra aldri.<\/p>\n<p>\u00c1\u00a0n\u00e1mskei\u00f0inu 26.mars nk. ver\u00f0ur l\u00f6g\u00f0 a\u00f0al\u00e1hersla \u00e1 knattspyrnul\u00f6gin en auk \u00feess ver\u00f0ur einnig fari\u00f0 yfir \u00fdmis konar\u00a0kynningarefni, fr\u00e6\u00f0sluefni, sk\u00fdringar og sk\u00fdringarmyndir.<\/p>\n<p>N\u00e1mskei\u00f0inu l\u00fdkur me\u00f0 skriflegu pr\u00f3fi viku s\u00ed\u00f0ar.<\/p>\n<p>N\u00e1mskei\u00f0i\u00f0 er \u00f3keypis.<\/p>\n<p>S\u00e1 sem l\u00fdkur unglingad\u00f3marapr\u00f3fi hefur r\u00e9tt \u00e1 a\u00f0 d\u00e6ma \u00ed 4. flokki og ne\u00f0ar \u00e1samt \u00fev\u00ed a\u00f0 vera a\u00f0sto\u00f0ard\u00f3mari upp \u00ed 2. flokk.<\/p>\n<p><a href=\"http:\/\/fram.is\/wp-content\/uploads\/2015\/03\/D\u00f3mari.jpg\"><img fetchpriority=\"high\" decoding=\"async\" class=\"alignright size-medium wp-image-9744\" src=\"http:\/\/fram.is\/wp-content\/uploads\/2015\/03\/D\u00f3mari-200x300.jpg\" alt=\"D\u00f3mari\" width=\"200\" height=\"300\" srcset=\"https:\/\/fram.is\/wp-content\/uploads\/2015\/03\/D\u00f3mari-200x300.jpg 200w, https:\/\/fram.is\/wp-content\/uploads\/2015\/03\/D\u00f3mari.jpg 396w\" sizes=\"(max-width: 200px) 100vw, 200px\" \/><\/a>Knattspyrnudeild FRAM heldur \u00e1fram a\u00f0 st\u00e6kka og \u00fea\u00f0 eru margar skyldur sem \u00fearf a\u00f0 uppfylla \u00ed starfinu.\u00a0 Krafa Knattspyrnusambands \u00cdslands er a\u00f0 FRAM hafi tilskilinn fj\u00f6lda virkra mennta\u00f0ra d\u00f3mara \u00e1 hverju t\u00edmabili.\u00a0 \u00dea\u00f0 \u00fearf a\u00f0 gera miki\u00f0 \u00e1tak til a\u00f0 n\u00e1 \u00fev\u00ed markmi\u00f0i og fj\u00f6lga d\u00f3murum \u00ed deildinni okkar svo vi\u00f0 uppfyllum kr\u00f6fur um a\u00f0 senda allan \u00feann fj\u00f6lda\u00a0li\u00f0a sem vi\u00f0 \u00feurfum til keppni \u00e1 \u00cdslands- og bikarm\u00f3t KS\u00cd.\u00a0 I\u00f0kendum f\u00e9lagsins fj\u00f6lgar st\u00f6\u00f0ugt, li\u00f0unum sem send eru til keppni fj\u00f6lgar \u00fear me\u00f0 l\u00edka sem \u00fe\u00fd\u00f0ir a\u00f0 vi\u00f0 \u00feurfum \u00f6fluga sveit d\u00f3mara til \u00feess a\u00f0 allir \u00feessir leikir geti fari\u00f0 fram.<\/p>\n<p>\u00de\u00f3 \u00fea\u00f0 s\u00e9 kostur \u00fe\u00e1 er \u00fea\u00f0 alls ekki skilyr\u00f0i a\u00f0 knattspyrnud\u00f3marar hafi spila\u00f0 knattspyrnu.<\/p>\n<p>D\u00f3mg\u00e6sla fyrir f\u00e9lagi\u00f0 veitir r\u00e9tt \u00e1 d\u00f3marask\u00edrteini KS\u00cd sem er jafnframt fr\u00edmi\u00f0i \u00e1 alla leiki \u00ed m\u00f3tum \u00e1 vegum KS\u00cd \u00fear me\u00f0 tali\u00f0 landsleiki.\u00a0 Til \u00feess a\u00f0 f\u00e1 sl\u00edkt d\u00f3marask\u00edrteini og halda \u00fev\u00ed virku \u00fearf a\u00f0 d\u00e6ma tilskilinn fj\u00f6lda leikja (10-15 \u00e1 \u00e1ri).<\/p>\n<p>S\u00fa n\u00fdbreytni var auk \u00feess tekin upp \u00ed vetur hj\u00e1 okkur \u00ed FRAM a\u00f0 foreldrum gefst n\u00fa kostur \u00e1 a\u00f0 l\u00e6kka \u00e6fingagj\u00f6ld barna sinna me\u00f0 \u00fev\u00ed a\u00f0 a\u00f0sto\u00f0a vi\u00f0 d\u00f3mg\u00e6slu \u00ed leikjum yngri flokka f\u00e9lagsins:<\/p>\n<p>Fimm d\u00f3mg\u00e6slust\u00f6rf foreldris l\u00e6kka \u00e6fingagjald um sem nemur kr. 10.000-.<\/p>\n<ul>\n<li>D\u00f3mg\u00e6sla \u00ed 11 manna bolta (4.flokkur og eldri) telst vera eitt starf.\u00a0 D\u00e6ma \u00fearf fimm leiki til \u00feess a\u00f0 \u00e6fingagjald l\u00e6kki um sem nemur kr. 10.000-.<\/li>\n<li>D\u00f3mg\u00e6sla \u00ed 7 manna bolta (5.flokkur) telst vera h\u00e1lft starf.\u00a0 D\u00e6ma \u00fearf t\u00edu leiki til \u00feess a\u00f0 \u00e6fingagjald l\u00e6kki um sem nemur kr. 10.000-.<\/li>\n<li>A\u00f0sto\u00f0ard\u00f3mg\u00e6sla \u00ed 11 manna bolta telst vera h\u00e1lft starf.\u00a0 Sinna \u00fearf a\u00f0sto\u00f0ard\u00f3mg\u00e6slu \u00ed t\u00edu leikjum til \u00feess a\u00f0 \u00e6fingagjald l\u00e6kki um sem nemur kr. 10.000-.<\/li>\n<\/ul>\n<p>\u00c1hugasamir hafi samband \u00e1 <a href=\"mailto:dadi@fram.is\">dadi@fram.is<\/a>.<\/p>","protected":false},"excerpt":{"rendered":"<p>\u00c1 hverju \u00e1ri heldur Knattspyrnuf\u00e9lagi\u00f0 FRAM, \u00ed samstarfi vi\u00f0 KS\u00cd, unglingad\u00f3maran\u00e1mskei\u00f0 sem \u00ed \u00e1r ver\u00f0ur haldi\u00f0 \u00feann 26. mars nk. kl. 19:30 \u00ed \u00dalfars\u00e1rdalnum. N\u00e1mskei\u00f0i\u00f0 stendur \u00ed um tv\u00e6r og [&hellip;]<\/p>","protected":false},"author":6,"featured_media":9744,"comment_status":"open","ping_status":"open","sticky":false,"template":"","format":"standard","meta":{"_monsterinsights_skip_tracking":false,"_monsterinsights_sitenote_active":false,"_monsterinsights_sitenote_note":"","_monsterinsights_sitenote_category":0,"_jetpack_memberships_contains_paid_content":false,"footnotes":""},"categories":[10,9],"tags":[],"class_list":["post-9743","post","type-post","status-publish","format-standard","has-post-thumbnail","hentry","category-frettir","category-fotbolti"],"jetpack_sharing_enabled":true,"jetpack_featured_media_url":"https:\/\/fram.is\/wp-content\/uploads\/2015\/03\/D\u00f3mari.jpg","_links":{"self":[{"href":"https:\/\/fram.is\/is\/wp-json\/wp\/v2\/posts\/9743","targetHints":{"allow":["GET"]}}],"collection":[{"href":"https:\/\/fram.is\/is\/wp-json\/wp\/v2\/posts"}],"about":[{"href":"https:\/\/fram.is\/is\/wp-json\/wp\/v2\/types\/post"}],"author":[{"embeddable":true,"href":"https:\/\/fram.is\/is\/wp-json\/wp\/v2\/users\/6"}],"replies":[{"embeddable":true,"href":"https:\/\/fram.is\/is\/wp-json\/wp\/v2\/comments?post=9743"}],"version-history":[{"count":0,"href":"https:\/\/fram.is\/is\/wp-json\/wp\/v2\/posts\/9743\/revisions"}],"wp:featuredmedia":[{"embeddable":true,"href":"https:\/\/fram.is\/is\/wp-json\/wp\/v2\/media\/9744"}],"wp:attachment":[{"href":"https:\/\/fram.is\/is\/wp-json\/wp\/v2\/media?parent=9743"}],"wp:term":[{"taxonomy":"category","embeddable":true,"href":"https:\/\/fram.is\/is\/wp-json\/wp\/v2\/categories?post=9743"},{"taxonomy":"post_tag","embeddable":true,"href":"https:\/\/fram.is\/is\/wp-json\/wp\/v2\/tags?post=9743"}],"curies":[{"name":"wp","href":"https:\/\/api.w.org\/{rel}","templated":true}]}}