{"id":9763,"date":"2015-03-19T09:47:21","date_gmt":"2015-03-19T09:47:21","guid":{"rendered":"http:\/\/fram.is\/?p=9763"},"modified":"2015-03-19T09:47:21","modified_gmt":"2015-03-19T09:47:21","slug":"hulda-og-ragnheidur-valdar-i-landslid-islands-u-19","status":"publish","type":"post","link":"https:\/\/fram.is\/is\/2015\/03\/19\/hulda-og-ragnheidur-valdar-i-landslid-islands-u-19\/","title":{"rendered":"Hulda og Ragnhei\u00f0ur valdar \u00ed landsli\u00f0 \u00cdslands U-19"},"content":{"rendered":"<p><a href=\"http:\/\/fram.is\/wp-content\/uploads\/2014\/12\/Raghei\u00f0ur-J\u00fal\u00edusd..jpg\"><img fetchpriority=\"high\" decoding=\"async\" class=\"alignright size-medium wp-image-9049\" src=\"http:\/\/fram.is\/wp-content\/uploads\/2014\/12\/Raghei\u00f0ur-J\u00fal\u00edusd.-300x300.jpg\" alt=\"Raghei\u00f0ur J\u00fal\u00edusd.\" width=\"300\" height=\"300\" \/><\/a><a href=\"http:\/\/fram.is\/wp-content\/uploads\/2014\/12\/Hulda-dags.jpg\"><img decoding=\"async\" class=\"alignright size-medium wp-image-9048\" src=\"http:\/\/fram.is\/wp-content\/uploads\/2014\/12\/Hulda-dags-300x300.jpg\" alt=\"Hulda dags\" width=\"300\" height=\"300\" \/><\/a>Valinn hefur veri\u00f0 16 manna h\u00f3pur \u00cdslands U-19 kvenna sem mun taka \u00a0\u00fe\u00e1tt \u00ed undankeppni EM sem \u00a0fram fer\u00a0 \u00ed Maked\u00f3n\u00edu 17-19.apr\u00edl 2015. Vi\u00f0 FRAMarar erum stoltir af \u00fev\u00ed a\u00f0 eiga tvo sterka fulltr\u00faa \u00ed \u00feessum lokah\u00f3pi.\u00a0 \u00de\u00e6r st\u00falkur sem voru valdar fr\u00e1 FRAM a\u00f0 \u00feessu sinni eru:<\/p>\n<p>Hulda Dagsd\u00f3ttir \u00a0 \u00a0 \u00a0 \u00a0 \u00a0 \u00a0 \u00a0 \u00a0 \u00a0 \u00a0 \u00a0 \u00a0 \u00a0Fram<br \/>\nRagnhei\u00f0ur J\u00fal\u00edusd\u00f3ttir\u00a0\u00a0\u00a0\u00a0\u00a0\u00a0\u00a0\u00a0\u00a0\u00a0\u00a0\u00a0\u00a0 Fram<\/p>\n<p>Gangi ykkur vel<\/p>\n<p>\u00c1FRAM FRAM<\/p>","protected":false},"excerpt":{"rendered":"<p>Valinn hefur veri\u00f0 16 manna h\u00f3pur \u00cdslands U-19 kvenna sem mun taka \u00a0\u00fe\u00e1tt \u00ed undankeppni EM sem \u00a0fram fer\u00a0 \u00ed Maked\u00f3n\u00edu 17-19.apr\u00edl 2015. Vi\u00f0 FRAMarar erum stoltir af \u00fev\u00ed a\u00f0 [&hellip;]<\/p>","protected":false},"author":4,"featured_media":9222,"comment_status":"open","ping_status":"open","sticky":false,"template":"","format":"standard","meta":{"_monsterinsights_skip_tracking":false,"_monsterinsights_sitenote_active":false,"_monsterinsights_sitenote_note":"","_monsterinsights_sitenote_category":0,"_jetpack_memberships_contains_paid_content":false,"footnotes":""},"categories":[7,6,15],"tags":[],"class_list":["post-9763","post","type-post","status-publish","format-standard","has-post-thumbnail","hentry","category-yngri-flokkar","category-handbolti","category-mfl-kvenna"],"jetpack_sharing_enabled":true,"jetpack_featured_media_url":"https:\/\/fram.is\/wp-content\/uploads\/2015\/01\/Hulda-gegn-Stj\u00f6rnunni-vefur.jpg","_links":{"self":[{"href":"https:\/\/fram.is\/is\/wp-json\/wp\/v2\/posts\/9763","targetHints":{"allow":["GET"]}}],"collection":[{"href":"https:\/\/fram.is\/is\/wp-json\/wp\/v2\/posts"}],"about":[{"href":"https:\/\/fram.is\/is\/wp-json\/wp\/v2\/types\/post"}],"author":[{"embeddable":true,"href":"https:\/\/fram.is\/is\/wp-json\/wp\/v2\/users\/4"}],"replies":[{"embeddable":true,"href":"https:\/\/fram.is\/is\/wp-json\/wp\/v2\/comments?post=9763"}],"version-history":[{"count":0,"href":"https:\/\/fram.is\/is\/wp-json\/wp\/v2\/posts\/9763\/revisions"}],"wp:featuredmedia":[{"embeddable":true,"href":"https:\/\/fram.is\/is\/wp-json\/wp\/v2\/media\/9222"}],"wp:attachment":[{"href":"https:\/\/fram.is\/is\/wp-json\/wp\/v2\/media?parent=9763"}],"wp:term":[{"taxonomy":"category","embeddable":true,"href":"https:\/\/fram.is\/is\/wp-json\/wp\/v2\/categories?post=9763"},{"taxonomy":"post_tag","embeddable":true,"href":"https:\/\/fram.is\/is\/wp-json\/wp\/v2\/tags?post=9763"}],"curies":[{"name":"wp","href":"https:\/\/api.w.org\/{rel}","templated":true}]}}