{"id":9835,"date":"2015-03-25T16:24:36","date_gmt":"2015-03-25T16:24:36","guid":{"rendered":"http:\/\/fram.is\/?p=9835"},"modified":"2015-03-25T16:24:36","modified_gmt":"2015-03-25T16:24:36","slug":"adalfundur-knattspyrnufelagsins-fram-midvikudaginn-8-april","status":"publish","type":"post","link":"https:\/\/fram.is\/is\/2015\/03\/25\/adalfundur-knattspyrnufelagsins-fram-midvikudaginn-8-april\/","title":{"rendered":"A\u00f0alfundur Knattspyrnuf\u00e9lagsins FRAM mi\u00f0vikudaginn 8. apr\u00edl"},"content":{"rendered":"<p><strong>A\u00d0ALFUNDUR KNATTSPYRNUF\u00c9LAGSINS FRAM VER\u00d0UR HALDINN <\/strong>\u00a0<strong>\u00cd \u00cd\u00deR\u00d3TTAH\u00daSI FRAM MI\u00d0VIKUDAGINN 8. APR\u00cdL 2015 \u00a0<\/strong>\u00a0<strong>KL. 17:30<br \/>\n<\/strong><strong>Dagskr\u00e1:<\/strong><\/p>\n<ul>\n<li><strong>Venjuleg a\u00f0alfundarst\u00f6rf <\/strong><\/li>\n<li><strong>\u00d6nnur m\u00e1l<br \/>\n<\/strong><\/li>\n<\/ul>\n<p><strong>Vakinn er athygli \u00e1 \u00fev\u00ed a\u00f0 \u00feeir sem \u00e6tla a\u00f0 bj\u00f3\u00f0a sig fram \u00ed a\u00f0alstj\u00f3rn Knattspyrnuf\u00e9lagsins FRAM \u00feurfa a\u00f0 tilkynna frambo\u00f0 sitt viku fyrir a\u00f0alfund samkv\u00e6mt 12 grein laga Knattspyrnuf\u00e9lagsins \u00a0FRAM.<\/p>\n<p>Frambo\u00f0 skulu berast \u00e1 skrifstofu FRAM Safam\u00fdri 26\u00a0 \u00ed s\u00ed\u00f0asta lagi fyrir kl. 16:00 mi\u00f0vikudaginn 1. apr\u00edl og skulu frambo\u00f0 berast skriflega.<\/strong><\/p>\n<p><strong>A\u00f0alstj\u00f3rn<\/strong><\/p>\n<p>&nbsp;<\/p>","protected":false},"excerpt":{"rendered":"<p>A\u00d0ALFUNDUR KNATTSPYRNUF\u00c9LAGSINS FRAM VER\u00d0UR HALDINN \u00a0\u00cd \u00cd\u00deR\u00d3TTAH\u00daSI FRAM MI\u00d0VIKUDAGINN 8. APR\u00cdL 2015 \u00a0\u00a0KL. 17:30 Dagskr\u00e1: Venjuleg a\u00f0alfundarst\u00f6rf \u00d6nnur m\u00e1l Vakinn er athygli \u00e1 \u00fev\u00ed a\u00f0 \u00feeir sem \u00e6tla a\u00f0 bj\u00f3\u00f0a [&hellip;]<\/p>","protected":false},"author":4,"featured_media":9292,"comment_status":"open","ping_status":"open","sticky":false,"template":"","format":"standard","meta":{"_monsterinsights_skip_tracking":false,"_monsterinsights_sitenote_active":false,"_monsterinsights_sitenote_note":"","_monsterinsights_sitenote_category":0,"_jetpack_memberships_contains_paid_content":false,"footnotes":""},"categories":[8],"tags":[],"class_list":["post-9835","post","type-post","status-publish","format-standard","has-post-thumbnail","hentry","category-adalstjorn"],"jetpack_sharing_enabled":true,"jetpack_featured_media_url":"https:\/\/fram.is\/wp-content\/uploads\/2015\/01\/FRAM-vefur-scaled.jpg","_links":{"self":[{"href":"https:\/\/fram.is\/is\/wp-json\/wp\/v2\/posts\/9835","targetHints":{"allow":["GET"]}}],"collection":[{"href":"https:\/\/fram.is\/is\/wp-json\/wp\/v2\/posts"}],"about":[{"href":"https:\/\/fram.is\/is\/wp-json\/wp\/v2\/types\/post"}],"author":[{"embeddable":true,"href":"https:\/\/fram.is\/is\/wp-json\/wp\/v2\/users\/4"}],"replies":[{"embeddable":true,"href":"https:\/\/fram.is\/is\/wp-json\/wp\/v2\/comments?post=9835"}],"version-history":[{"count":0,"href":"https:\/\/fram.is\/is\/wp-json\/wp\/v2\/posts\/9835\/revisions"}],"wp:featuredmedia":[{"embeddable":true,"href":"https:\/\/fram.is\/is\/wp-json\/wp\/v2\/media\/9292"}],"wp:attachment":[{"href":"https:\/\/fram.is\/is\/wp-json\/wp\/v2\/media?parent=9835"}],"wp:term":[{"taxonomy":"category","embeddable":true,"href":"https:\/\/fram.is\/is\/wp-json\/wp\/v2\/categories?post=9835"},{"taxonomy":"post_tag","embeddable":true,"href":"https:\/\/fram.is\/is\/wp-json\/wp\/v2\/tags?post=9835"}],"curies":[{"name":"wp","href":"https:\/\/api.w.org\/{rel}","templated":true}]}}