{"id":9845,"date":"2015-03-26T11:13:21","date_gmt":"2015-03-26T11:13:21","guid":{"rendered":"http:\/\/fram.is\/?p=9845"},"modified":"2015-03-26T11:13:21","modified_gmt":"2015-03-26T11:13:21","slug":"bjarki-petursson-til-lids-vid-fram","status":"publish","type":"post","link":"https:\/\/fram.is\/is\/2015\/03\/26\/bjarki-petursson-til-lids-vid-fram\/","title":{"rendered":"Bjarki P\u00e9tursson til li\u00f0s vi\u00f0 Fram"},"content":{"rendered":"<p><a href=\"http:\/\/fram.is\/wp-content\/uploads\/2015\/03\/Bjarki-P\u00e9tursson.jpg\"><img fetchpriority=\"high\" decoding=\"async\" class=\"alignright size-medium wp-image-9694\" src=\"http:\/\/fram.is\/wp-content\/uploads\/2015\/03\/Bjarki-P\u00e9tursson-300x250.jpg\" alt=\"Bjarki P\u00e9tursson\" width=\"300\" height=\"250\" \/><\/a>Bjarki P\u00e9tursson sem er 22 \u00e1ra gamall markv\u00f6r\u00f0ur hefur skrifa\u00f0 undir tveggja \u00e1ra samning vi\u00f0 Fram. Bjarki er uppalinn \u00ed Fj\u00f6lni en var \u00e1 m\u00e1la hj\u00e1 B\u00cd\/Bolungarv\u00edk 2012-13. Fram b\u00fd\u00f0ur Bjarka velkominn til li\u00f0s vi\u00f0 f\u00e9lagi\u00f0.<\/p>\n<p>Knattspyrnudeild FRAM<\/p>","protected":false},"excerpt":{"rendered":"<p>Bjarki P\u00e9tursson sem er 22 \u00e1ra gamall markv\u00f6r\u00f0ur hefur skrifa\u00f0 undir tveggja \u00e1ra samning vi\u00f0 Fram. Bjarki er uppalinn \u00ed Fj\u00f6lni en var \u00e1 m\u00e1la hj\u00e1 B\u00cd\/Bolungarv\u00edk 2012-13. Fram b\u00fd\u00f0ur [&hellip;]<\/p>","protected":false},"author":4,"featured_media":9693,"comment_status":"open","ping_status":"open","sticky":false,"template":"","format":"standard","meta":{"_monsterinsights_skip_tracking":false,"_monsterinsights_sitenote_active":false,"_monsterinsights_sitenote_note":"","_monsterinsights_sitenote_category":0,"_jetpack_memberships_contains_paid_content":false,"footnotes":""},"categories":[11,9],"tags":[],"class_list":["post-9845","post","type-post","status-publish","format-standard","has-post-thumbnail","hentry","category-mflkarla","category-fotbolti"],"jetpack_sharing_enabled":true,"jetpack_featured_media_url":"https:\/\/fram.is\/wp-content\/uploads\/2015\/03\/Bjarki-vefur-scaled.jpg","_links":{"self":[{"href":"https:\/\/fram.is\/is\/wp-json\/wp\/v2\/posts\/9845","targetHints":{"allow":["GET"]}}],"collection":[{"href":"https:\/\/fram.is\/is\/wp-json\/wp\/v2\/posts"}],"about":[{"href":"https:\/\/fram.is\/is\/wp-json\/wp\/v2\/types\/post"}],"author":[{"embeddable":true,"href":"https:\/\/fram.is\/is\/wp-json\/wp\/v2\/users\/4"}],"replies":[{"embeddable":true,"href":"https:\/\/fram.is\/is\/wp-json\/wp\/v2\/comments?post=9845"}],"version-history":[{"count":0,"href":"https:\/\/fram.is\/is\/wp-json\/wp\/v2\/posts\/9845\/revisions"}],"wp:featuredmedia":[{"embeddable":true,"href":"https:\/\/fram.is\/is\/wp-json\/wp\/v2\/media\/9693"}],"wp:attachment":[{"href":"https:\/\/fram.is\/is\/wp-json\/wp\/v2\/media?parent=9845"}],"wp:term":[{"taxonomy":"category","embeddable":true,"href":"https:\/\/fram.is\/is\/wp-json\/wp\/v2\/categories?post=9845"},{"taxonomy":"post_tag","embeddable":true,"href":"https:\/\/fram.is\/is\/wp-json\/wp\/v2\/tags?post=9845"}],"curies":[{"name":"wp","href":"https:\/\/api.w.org\/{rel}","templated":true}]}}