{"id":9859,"date":"2015-03-26T16:11:23","date_gmt":"2015-03-26T16:11:23","guid":{"rendered":"http:\/\/fram.is\/?p=9859"},"modified":"2015-03-26T16:11:23","modified_gmt":"2015-03-26T16:11:23","slug":"paskamot-fram-handbolta-a-sunnudag","status":"publish","type":"post","link":"https:\/\/fram.is\/is\/2015\/03\/26\/paskamot-fram-handbolta-a-sunnudag\/","title":{"rendered":"P\u00e1skam\u00f3t FRAM \u00ed handbolta \u00e1 sunnudag\u00a0\u00a0\u00a0\u00a0\u00a0\u00a0\u00a0"},"content":{"rendered":"<p><a href=\"http:\/\/fram.is\/wp-content\/uploads\/2015\/01\/G\u00f3\u00f0.jpg\"><img fetchpriority=\"high\" decoding=\"async\" class=\"alignright size-medium wp-image-9309\" src=\"http:\/\/fram.is\/wp-content\/uploads\/2015\/01\/G\u00f3\u00f0-300x200.jpg\" alt=\"G\u00f3\u00f0\" width=\"300\" height=\"200\" srcset=\"https:\/\/fram.is\/wp-content\/uploads\/2015\/01\/G\u00f3\u00f0-300x200.jpg 300w, https:\/\/fram.is\/wp-content\/uploads\/2015\/01\/G\u00f3\u00f0-scaled-800x533.jpg 800w, https:\/\/fram.is\/wp-content\/uploads\/2015\/01\/G\u00f3\u00f0-1024x683.jpg 1024w, https:\/\/fram.is\/wp-content\/uploads\/2015\/01\/G\u00f3\u00f0-768x512.jpg 768w, https:\/\/fram.is\/wp-content\/uploads\/2015\/01\/G\u00f3\u00f0-1536x1024.jpg 1536w, https:\/\/fram.is\/wp-content\/uploads\/2015\/01\/G\u00f3\u00f0-2048x1365.jpg 2048w\" sizes=\"(max-width: 300px) 100vw, 300px\" \/><\/a>Sunnudaginn 29. mars fr\u00e1 kl. 13:00-16:30 ver\u00f0ur p\u00e1skam\u00f3t handknattleiksdeildar Fram haldi\u00f0 \u00ed st\u00f3ra salnum \u00ed Framheimilinu \u00ed Safam\u00fdri. M\u00f3ti\u00f0 er haldi\u00f0 fyrir 5. flokk drengja \u00ed handbolta. Keppt ver\u00f0ur \u00ed b\u00e1\u00f0um aldursflokkum og ver\u00f0ur Fram me\u00f0 li\u00f0 \u00far Grafarholtinu og Safam\u00fdri, \u00e1samt, KR og V\u00edking.<\/p>\n<p>M\u00f3ti\u00f0 er haldi\u00f0 af \u00de\u00f3r Gu\u00f0mundssyni \u00fej\u00e1lfara hj\u00e1 Fram, Petru Fr\u00edmannsd\u00f3ttur og Svand\u00edsi N\u00f6nnu P\u00e9tursd\u00f3ttur, nemendum vi\u00f0 H\u00e1sk\u00f3la \u00cdslands. Kaffi og l\u00e9ttar veitingar ver\u00f0a til s\u00f6lu \u00e1 sta\u00f0num. Ver\u00f0laun ver\u00f0a veitt fyrir sigurvegara \u00ed hvorum aldursflokki sem keppa til \u00farslita. Byrjar \u00farslitaleikur yngra \u00e1rsins 15:10 og 15:50 hj\u00e1 eldra \u00e1rinu.<\/p>\n<p>Hvetjum alla \u00ed a\u00f0 l\u00e1ta sj\u00e1 sig a\u00f0 sty\u00f0ja og fylgjast me\u00f0 ungum og efnilegum framt\u00ed\u00f0arleikm\u00f6nnum Fram etja kappi \u00e1 skemmtilegu m\u00f3ti.<\/p>\n<p>H\u00e6gt er a\u00f0 senda fyrirspurnir og f\u00e1 na\u0301nari upply\u0301singar um m\u00f3ti\u00f0 hj\u00e1 \u00de\u00f3r Gu\u00f0mundssyni m\u00f3tstj\u00f3ra og \u00fej\u00e1lfara hj\u00e1 FRAM i\u0301 si\u0301ma 695-2835 e\u00f0a a\u0301 netfangi\u00f0 <a href=\"mailto:thor89@internet.is\">thor89@internet.is<\/a>.<\/p>\n<p>Sj\u00e1umst \u00e1 sunnudaginn<\/p>\n<p>\u00de\u00f3r Gu\u00f0mundsson, Petra Fr\u00edmannsd\u00f3ttir, Svand\u00eds Nanna P\u00e9tursd\u00f3ttir og \u00a0FRAM.<\/p>","protected":false},"excerpt":{"rendered":"<p>Sunnudaginn 29. mars fr\u00e1 kl. 13:00-16:30 ver\u00f0ur p\u00e1skam\u00f3t handknattleiksdeildar Fram haldi\u00f0 \u00ed st\u00f3ra salnum \u00ed Framheimilinu \u00ed Safam\u00fdri. M\u00f3ti\u00f0 er haldi\u00f0 fyrir 5. flokk drengja \u00ed handbolta. Keppt ver\u00f0ur \u00ed [&hellip;]<\/p>","protected":false},"author":4,"featured_media":9310,"comment_status":"open","ping_status":"open","sticky":false,"template":"","format":"standard","meta":{"_monsterinsights_skip_tracking":false,"_monsterinsights_sitenote_active":false,"_monsterinsights_sitenote_note":"","_monsterinsights_sitenote_category":0,"_jetpack_memberships_contains_paid_content":false,"footnotes":""},"categories":[7,6],"tags":[],"class_list":["post-9859","post","type-post","status-publish","format-standard","has-post-thumbnail","hentry","category-yngri-flokkar","category-handbolti"],"jetpack_sharing_enabled":true,"jetpack_featured_media_url":"https:\/\/fram.is\/wp-content\/uploads\/2015\/01\/H\u00f3purinn-vefur-scaled.jpg","_links":{"self":[{"href":"https:\/\/fram.is\/is\/wp-json\/wp\/v2\/posts\/9859","targetHints":{"allow":["GET"]}}],"collection":[{"href":"https:\/\/fram.is\/is\/wp-json\/wp\/v2\/posts"}],"about":[{"href":"https:\/\/fram.is\/is\/wp-json\/wp\/v2\/types\/post"}],"author":[{"embeddable":true,"href":"https:\/\/fram.is\/is\/wp-json\/wp\/v2\/users\/4"}],"replies":[{"embeddable":true,"href":"https:\/\/fram.is\/is\/wp-json\/wp\/v2\/comments?post=9859"}],"version-history":[{"count":0,"href":"https:\/\/fram.is\/is\/wp-json\/wp\/v2\/posts\/9859\/revisions"}],"wp:featuredmedia":[{"embeddable":true,"href":"https:\/\/fram.is\/is\/wp-json\/wp\/v2\/media\/9310"}],"wp:attachment":[{"href":"https:\/\/fram.is\/is\/wp-json\/wp\/v2\/media?parent=9859"}],"wp:term":[{"taxonomy":"category","embeddable":true,"href":"https:\/\/fram.is\/is\/wp-json\/wp\/v2\/categories?post=9859"},{"taxonomy":"post_tag","embeddable":true,"href":"https:\/\/fram.is\/is\/wp-json\/wp\/v2\/tags?post=9859"}],"curies":[{"name":"wp","href":"https:\/\/api.w.org\/{rel}","templated":true}]}}